{"id":6335,"date":"2020-04-19T10:53:55","date_gmt":"2020-04-19T09:53:55","guid":{"rendered":"https:\/\/french-iceberg.com\/french-bands\/"},"modified":"2026-03-11T18:17:19","modified_gmt":"2026-03-11T17:17:19","slug":"groupes-francais","status":"publish","type":"post","link":"https:\/\/french-iceberg.com\/fr\/groupes-francais\/","title":{"rendered":"+20 Groupes Fran\u00e7ais \u00e0 D\u00e9couvrir (Actuels &amp; Historiques)"},"content":{"rendered":"<style>img#mv-trellis-img-1::before{padding-top:56.25%; }img#mv-trellis-img-1{display:block;}img#mv-trellis-img-2::before{padding-top:133.33333333333%; }img#mv-trellis-img-2{display:block;}img#mv-trellis-img-3::before{padding-top:100%; }img#mv-trellis-img-3{display:block;}<\/style>\n<p class=\"has-medium-font-size wp-block-paragraph\">J&rsquo;ai r&eacute;alis&eacute; une nouvelle s&eacute;lection de musique fran&ccedil;aise rassemblant certains<strong> des meilleurs groupes de musique fran&ccedil;ais<\/strong>. &Eacute;couter de la musique fran&ccedil;aise peut vous aider &agrave; mieux comprendre la langue fran&ccedil;aise.<\/p>\n\n\n\n<p class=\"has-medium-font-size wp-block-paragraph\">La plupart des groupes de cette liste chantent en fran&ccedil;ais. Au fil des ans, il est devenu populaire de chanter en anglais, mais depuis quelques ann&eacute;es, il semble que la langue fran&ccedil;aise retrouve une certaine popularit&eacute; aupr&egrave;s des chanteurs fran&ccedil;ais. <strong>J&rsquo;ai s&eacute;lectionn&eacute; +20 groupes fran&ccedil;ais pour cette liste<\/strong>.<\/p>\n\n\n\n<hr class=\"wp-block-separator has-alpha-channel-opacity\">\n\n\n\n<div style=\"background-color: rgba(255, 165, 0, 0.2); padding: 10px;\">\n    <h2 class=\"wp-block-heading has-black-color has-text-color has-link-color\" style=\"font-size:30px\">Ce qu&rsquo;il faut retenir :<\/h2>\n    <ol>\n        <li>Une s&eacute;lection de groupes fran&ccedil;ais embl&eacute;matiques, tels que T&eacute;l&eacute;phone et Indochine, repr&eacute;sente la richesse de la sc&egrave;ne musicale fran&ccedil;aise.<\/li>\n        <li>Des groupes r&eacute;cents, comme L&rsquo;Imp&eacute;ratrice et Terrenoire, gagnent en popularit&eacute; avec des m&eacute;lodies contemporaines.<\/li>\n        <li>L&rsquo;importance des textes engag&eacute;s, surtout dans des groupes comme Tryo et Dub Inc, refl&egrave;te des th&egrave;mes soci&eacute;taux pertinents.<\/li>\n    <\/ol>\n<\/div>\n\n\n\n<hr class=\"wp-block-separator has-alpha-channel-opacity\">\n\n\n<div class=\"wp-block-table-of-contents-block-table-of-contents-block\"><div class=\"eb-parent-wrapper eb-parent-eb-toc-s6yqd \"><div class=\"eb-toc-container eb-toc-s6yqd  eb-toc-is-not-sticky eb-toc-not-collapsible eb-toc-initially-not-collapsed eb-toc-scrollToTop style-2 list-style-none\" data-scroll-top=\"false\" data-scroll-top-icon=\"fas fa-angle-up\" data-collapsible=\"false\" data-sticky-hide-mobile=\"false\" data-sticky=\"false\" data-scroll-target=\"scroll_to_toc\" data-copy-link=\"false\" data-editor-type=\"\" data-hide-desktop=\"false\" data-hide-tab=\"false\" data-hide-mobile=\"false\" data-itemcollapsed=\"false\"><div class=\"eb-toc-header\"><div class=\"eb-toc-title\">Sommaire<\/div><\/div><div class=\"eb-toc-wrapper \" data-headers=\"[{&quot;level&quot;:2,&quot;content&quot;:&quot;Ce qu'il faut retenir :&quot;,&quot;text&quot;:&quot;Ce qu'il faut retenir :&quot;,&quot;link&quot;:&quot;ce-quil-faut-retenir&quot;},{&quot;level&quot;:2,&quot;content&quot;:&quot;Liste des Groupes Fran\\u00e7ais Historiques\\u00a0&quot;,&quot;text&quot;:&quot;Liste des Groupes Fran\\u00e7ais Historiques\\u00a0&quot;,&quot;link&quot;:&quot;eb-table-content-1&quot;},{&quot;level&quot;:2,&quot;content&quot;:&quot;Liste de Groupe Fran\\u00e7ais R\\u00e9cents&quot;,&quot;text&quot;:&quot;Liste de Groupe Fran\\u00e7ais R\\u00e9cents&quot;,&quot;link&quot;:&quot;eb-table-content-2&quot;}]\" data-visible=\"[true,true,true,true,true,true]\" data-delete-headers=\"[{&quot;label&quot;:&quot;Ce qu'il faut retenir :&quot;,&quot;value&quot;:&quot;ce-quil-faut-retenir&quot;,&quot;isDelete&quot;:false},{&quot;label&quot;:&quot;Liste des Groupes Fran\\u00e7ais Historiques\\u00a0&quot;,&quot;value&quot;:&quot;liste-des-groupes-fran\\u00e7ais-historiques&quot;,&quot;isDelete&quot;:false},{&quot;label&quot;:&quot;Liste de Groupe Fran\\u00e7ais R\\u00e9cents&quot;,&quot;value&quot;:&quot;liste-de-groupe-fran\\u00e7ais-r\\u00e9cents&quot;,&quot;isDelete&quot;:false}]\" data-smooth=\"true\" data-top-offset=\"\"><div class=\"eb-toc__list-wrap\"><ul class=\"eb-toc__list\"><li><a href=\"#ce-quil-faut-retenir\">Ce qu&rsquo;il faut retenir :<\/a><\/li><li><a href=\"#eb-table-content-1\">Liste des Groupes Fran&ccedil;ais Historiques&nbsp;<\/a><\/li><li><a href=\"#eb-table-content-2\">Liste de Groupe Fran&ccedil;ais R&eacute;cents<\/a><\/li><\/ul><\/div><\/div><\/div><\/div><\/div>\n\n\n<hr class=\"wp-block-separator has-alpha-channel-opacity\">\n\n\n\n<h2 class=\"wp-block-heading has-luminous-vivid-orange-color has-text-color\" style=\"font-size:30px\">Liste des Groupes Fran&ccedil;ais Historiques&nbsp;<\/h2>\n\n\n\n<p class=\"wp-block-paragraph\">Voici une liste de groupes fran&ccedil;ais plus anciens.<\/p>\n\n\n\n<ol class=\"wp-block-list has-large-font-size\">\n<li>Dub Inc<\/li>\n<\/ol>\n\n\n<div class=\"wp-block-image\">\n<figure class=\"aligncenter size-large\"><noscript><img decoding=\"async\" width=\"1024\" height=\"576\" src=\"https:\/\/french-iceberg.com\/wp-content\/uploads\/2020\/03\/Famous-French-Singers-1024x576.jpg\" alt=\"Dub Inc - Groupe fran&ccedil;ais\" class=\"wp-image-6110\"><\/noscript><img decoding=\"async\" width=\"1024\" height=\"576\" src=\"data:image\/svg+xml,%3Csvg%20xmlns='http:\/\/www.w3.org\/2000\/svg'%20viewBox='0%200%201024%20576'%3E%3Crect%20width='1024'%20height='576'%20style='fill:%23e3e3e3'\/%3E%3C\/svg%3E\" alt=\"Dub Inc - Groupe fran&ccedil;ais\" class=\"wp-image-6110 eager-load\" data-pin-media=\"https:\/\/french-iceberg.com\/wp-content\/uploads\/2020\/03\/Famous-French-Singers-e1648494430134.jpg\" id=\"mv-trellis-img-1\" loading=\"eager\" data-src=\"https:\/\/french-iceberg.com\/wp-content\/uploads\/2020\/03\/Famous-French-Singers-1024x576.jpg.webp\" data-svg=\"1\" data-trellis-processed=\"1\"><figcaption class=\"wp-element-caption\">Dub Inc &ndash; Groupe fran&ccedil;ais<\/figcaption><\/figure>\n<\/div>\n\n\n<p class=\"wp-block-paragraph\">Form&eacute; en 1997 &agrave; Saint-&Eacute;tienne, Dub Inc est un groupe fran&ccedil;ais phare de la sc&egrave;ne reggae-dub. Compos&eacute; de Bouchkour et Komlan, les deux chanteurs charismatiques d&rsquo;origine alg&eacute;rienne et togolaise, ainsi que de membres instrumentistes, Dub Inc offre un m&eacute;lange unique de reggae, de dancehall, de dub et de sonorit&eacute;s orientales. Le groupe se distingue par ses textes engag&eacute;s et ses rythmes entra&icirc;nants, cr&eacute;ant une fusion musicale captivante. Parmi leurs grands tubes figurent &laquo;&nbsp;Rude Boy&nbsp;&raquo;, &laquo;&nbsp;Tout ce qu&rsquo;il veulent&nbsp;&raquo; et &laquo;&nbsp;My Freestyle&nbsp;&raquo;. Dub Inc continue d&rsquo;incarner l&rsquo;esprit de r&eacute;sistance et d&rsquo;universalit&eacute; &agrave; travers sa musique et remplit toujours aussi facilement les plus grandes salles de concerts fran&ccedil;aises.&nbsp;<\/p>\n\n\n\n<p class=\"wp-block-paragraph\"><strong>&Agrave; lire aussi: <\/strong><a href=\"https:\/\/french-iceberg.com\/fr\/rude-boy-dub-inc-signification-chanson\/\"><em>&laquo; Rude Boy &raquo; par Dub Inc : Signification de la Chanson<\/em><\/a><\/p>\n\n\n\n<hr class=\"wp-block-separator has-alpha-channel-opacity\">\n\n\n\n<ol start=\"2\" class=\"wp-block-list has-large-font-size\">\n<li>T&eacute;l&eacute;phone<\/li>\n<\/ol>\n\n\n\n<p class=\"wp-block-paragraph\">Fond&eacute; en 1976 &agrave; Paris, T&eacute;l&eacute;phone est un groupe embl&eacute;matique de la sc&egrave;ne rock fran&ccedil;aise. Compos&eacute; de Jean-Louis Aubert, Louis Bertignac, Corine Marienneau et Richard Kolinka, le groupe a marqu&eacute; les ann&eacute;es 80 avec son style &eacute;nergique et ses paroles engag&eacute;es. Leur musique m&eacute;lange rock, punk et new wave, offrant des riffs de guitare inoubliables et des m&eacute;lodies accrocheuses. Parmi leurs grands tubes figurent des classiques tels que &laquo;&nbsp;Cendrillon&nbsp;&raquo;, &laquo;&nbsp;Un autre monde&nbsp;&raquo; et &laquo;&nbsp;New-York avec toi&nbsp;&raquo;. T&eacute;l&eacute;phone a mis fin &agrave; sa carri&egrave;re en 1986, mais reste une r&eacute;f&eacute;rence incontournable dans l&rsquo;histoire de la musique fran&ccedil;aise.<\/p>\n\n\n\n<p class=\"wp-block-paragraph\"><strong>&Agrave; lire aussi: <\/strong><a href=\"https:\/\/french-iceberg.com\/fr\/new-york-avec-toi-telephone-signification-chanson\/\"><em>&laquo; New-York avec toi &raquo; par T&eacute;l&eacute;phone : Signification de la Chanson<\/em><\/a><\/p>\n\n\n\n<hr class=\"wp-block-separator has-alpha-channel-opacity\">\n\n\n\n<ol start=\"3\" class=\"wp-block-list has-large-font-size\">\n<li>Indochine<\/li>\n<\/ol>\n\n\n\n<p class=\"wp-block-paragraph\">Fond&eacute; en 1981 &agrave; Paris par Nicola Sirkis et Dominique Nicolas, Indochine est un groupe phare de la sc&egrave;ne musicale fran&ccedil;aise. Avec une carri&egrave;re prolifique qui perdure, les membres ont &eacute;volu&eacute; au fil des ans, avec Sirkis restant comme le pilier principal. Leur style musical est &eacute;clectique, combinant des &eacute;l&eacute;ments de new wave, de rock et de pop. Parmi leurs tubes les plus embl&eacute;matiques figurent &laquo;&nbsp;L&rsquo;Aventurier&nbsp;&raquo;, &laquo;&nbsp;3 nuits par semaine&nbsp;&raquo; et &laquo;&nbsp;J&rsquo;ai demand&eacute; &agrave; la lune&nbsp;&raquo;. Indochine continue de captiver son public qui r&eacute;pond toujours pr&eacute;sent avec leurs tourn&eacute;es.<\/p>\n\n\n\n<p class=\"wp-block-paragraph\"><strong>&Agrave; lire aussi: <\/strong><em><a href=\"https:\/\/french-iceberg.com\/fr\/jai-demande-a-la-lune-indochine-signification-chanson\/\">&laquo; J&rsquo;ai demand&eacute; &agrave; la lune &raquo; par Indochine : Signification de la Chanson<\/a><\/em><\/p>\n\n\n\n<hr class=\"wp-block-separator has-alpha-channel-opacity\">\n\n\n\n<ol start=\"4\" class=\"wp-block-list has-large-font-size\">\n<li>Louis Attaque<\/li>\n<\/ol>\n\n\n\n<p class=\"wp-block-paragraph\">Form&eacute; en 1993 &agrave; Paris, Louis Attaque &eacute;tait un groupe embl&eacute;matique de la sc&egrave;ne alternative fran&ccedil;aise. Compos&eacute; de Ga&euml;tan Roussel, Arnaud Samuel, Robin Feix et Karim Tobbi, le groupe a marqu&eacute; les ann&eacute;es 90 et 2000 avec son m&eacute;lange unique de rock, de folk et de chanson fran&ccedil;aise. Leur style musical &eacute;clectique et leurs paroles po&eacute;tiques ont s&eacute;duit un large public. Parmi leurs tubes les plus c&eacute;l&egrave;bres figurent &laquo;&nbsp;J&rsquo;t&rsquo;emm&egrave;ne au vent&nbsp;&raquo;, &laquo;&nbsp;Ton invitation&nbsp;&raquo; et &laquo;&nbsp;Les nuits parisiennes&nbsp;&raquo;, <a href=\"https:\/\/french-iceberg.com\/fr\/chansons-francaises-sur-paris\/\" data-type=\"post\" data-id=\"19041\">une chanson fran&ccedil;aise sur Paris<\/a>. Louis Attaque a mis fin &agrave; sa carri&egrave;re en 2007, mais reste une r&eacute;f&eacute;rence pour la majorit&eacute; des Fran&ccedil;ais qui connaissent toujours les grands tubes du groupe fran&ccedil;ais.<\/p>\n\n\n\n<p class=\"wp-block-paragraph\"><strong>&Agrave; lire aussi: <\/strong><a href=\"https:\/\/french-iceberg.com\/fr\/jtemmene-au-vent-louise-attaque-signification-chanson\/\"><em>&laquo; J&rsquo;t&rsquo;emm&egrave;ne au vent &raquo; par Louise Attaque : Signification de la Chanson<\/em><\/a><\/p>\n\n\n\n<hr class=\"wp-block-separator has-alpha-channel-opacity\">\n\n\n\n<ol start=\"5\" class=\"wp-block-list has-large-font-size\">\n<li>Tryo<\/li>\n<\/ol>\n\n\n\n<p class=\"wp-block-paragraph\">Fond&eacute; en 1995 &agrave; Paris, Tryo est un groupe fran&ccedil;ais engag&eacute; m&ecirc;lant habilement reggae, folk et chanson fran&ccedil;aise. Compos&eacute; de Guizmo, Christophe Mali, Manu Eveno et Daniel &laquo;&nbsp;Danielito&nbsp;&raquo; Bravo, le groupe est connu pour ses textes engag&eacute;s sur des th&egrave;mes sociaux et environnementaux. Leur musique rythm&eacute;e et festive a conquis un large public, faisant d&rsquo;eux l&rsquo;un des groupes les plus populaires de la sc&egrave;ne fran&ccedil;aise. Parmi leurs grands tubes figurent &laquo;&nbsp;L&rsquo;Hymne de nos campagnes&nbsp;&raquo;, &laquo;&nbsp;D&eacute;sol&eacute; pour hier soir&nbsp;&raquo; et &laquo;&nbsp;Serre-moi&nbsp;&raquo; qui est une tr&egrave;s belle <a href=\"https:\/\/french-iceberg.com\/fr\/chansons-damour-francaises\/\">chanson d&rsquo;amour fran&ccedil;aise<\/a>. Tryo continue d&rsquo;inspirer et d&rsquo;&eacute;lectriser les foules avec son &eacute;nergie positive et ses messages d&rsquo;amour.<\/p>\n\n\n\n<p class=\"wp-block-paragraph\"><strong>&Agrave; lire aussi: <\/strong><a href=\"https:\/\/french-iceberg.com\/fr\/desole-pour-hier-soir-tryo-signification-chanson\/\"><em>&laquo; D&eacute;sol&eacute; pour hier soir &raquo; par Tryo : Signification de la Chanson<\/em><\/a><\/p>\n\n\n\n<hr class=\"wp-block-separator has-alpha-channel-opacity\">\n\n\n\n<h2 class=\"wp-block-heading has-luminous-vivid-orange-color has-text-color\" style=\"font-size:30px\">Liste de Groupe Fran&ccedil;ais R&eacute;cents<\/h2>\n\n\n\n<p class=\"wp-block-paragraph\">Voici une liste de groupes fran&ccedil;ais r&eacute;cents et populaires.<\/p>\n\n\n\n<ol start=\"6\" class=\"wp-block-list has-large-font-size\">\n<li>L&rsquo;Imp&eacute;ratrice<\/li>\n<\/ol>\n\n\n<div class=\"wp-block-image\">\n<figure class=\"aligncenter size-full\"><noscript><img decoding=\"async\" width=\"546\" height=\"728\" src=\"https:\/\/french-iceberg.com\/wp-content\/uploads\/2023\/04\/limperatrice.jpg\" alt=\"L&rsquo;Imp&eacute;ratrice\" class=\"wp-image-18481\" srcset=\"https:\/\/french-iceberg.com\/wp-content\/uploads\/2023\/04\/limperatrice.jpg 546w, https:\/\/french-iceberg.com\/wp-content\/uploads\/2023\/04\/limperatrice-225x300.jpg 225w\" sizes=\"(max-width: 546px) 100vw, 546px\"><\/noscript><img decoding=\"async\" width=\"546\" height=\"728\" src=\"https:\/\/french-iceberg.com\/wp-content\/uploads\/2023\/04\/limperatrice.jpg.webp\" alt=\"L&rsquo;Imp&eacute;ratrice\" class=\"wp-image-18481 lazyload\" srcset=\"https:\/\/french-iceberg.com\/wp-content\/uploads\/2023\/04\/limperatrice.jpg.webp 546w, https:\/\/french-iceberg.com\/wp-content\/uploads\/2023\/04\/limperatrice-225x300.jpg.webp 225w\" sizes=\"(max-width: 546px) 100vw, 546px\" data-pin-media=\"https:\/\/french-iceberg.com\/wp-content\/uploads\/2023\/04\/limperatrice.jpg\" id=\"mv-trellis-img-2\" loading=\"lazy\" data-trellis-processed=\"1\"><figcaption class=\"wp-element-caption\"><a href=\"https:\/\/commons.wikimedia.org\/wiki\/File:L%27Imp%C3%A9ratrice_-_F%C3%AAte_de_la_musique_2018_%C3%A0_l%27Assembl%C3%A9e_nationale_-_2.jpg\" target=\"_blank\" rel=\"noopener\">Tiraden<\/a>, <a href=\"https:\/\/creativecommons.org\/licenses\/by-sa\/4.0\" target=\"_blank\" rel=\"noopener\">CC BY-SA 4.0<\/a>, via Wikimedia Commons<\/figcaption><\/figure>\n<\/div>\n\n\n<p class=\"has-medium-font-size wp-block-paragraph\">J&rsquo;ai parl&eacute; de ce groupe fran&ccedil;ais dans cet article sur <a href=\"https:\/\/french-iceberg.com\/fr\/artistes-francais\/\" data-type=\"post\" data-id=\"6369\">les artistes fran&ccedil;ais<\/a>. Je d&eacute;crirais leur style comme de l&rsquo;&eacute;lectropop. Le groupe est compos&eacute; de six artistes fran&ccedil;ais dont la chanteuse leader, Flore Benguigui. R&eacute;cemment, le groupe a connu un grand succ&egrave;s en 2022 au festival de Coachella, aux &Eacute;tats-Unis, avec une performance live tr&egrave;s r&eacute;ussie.<\/p>\n\n\n\n<figure class=\"wp-block-embed is-type-video is-provider-youtube wp-block-embed-youtube wp-embed-aspect-16-9 wp-has-aspect-ratio\"><div class=\"wp-block-embed__wrapper\">\n<iframe loading=\"lazy\" title=\"L'Imp&eacute;ratrice &mdash; Fou\" width=\"500\" height=\"281\" src=\"https:\/\/www.youtube.com\/embed\/wmYPpnjthkU?feature=oembed\" frameborder=\"0\" allow=\"accelerometer; autoplay; clipboard-write; encrypted-media; gyroscope; picture-in-picture; web-share\" referrerpolicy=\"strict-origin-when-cross-origin\" allowfullscreen><\/iframe>\n<\/div><\/figure>\n\n\n\n<hr class=\"wp-block-separator has-alpha-channel-opacity\">\n\n\n\n<ol start=\"7\" class=\"wp-block-list has-large-font-size\">\n<li>Terrenoire<\/li>\n<\/ol>\n\n\n\n<p class=\"has-medium-font-size wp-block-paragraph\">Nouveau groupe fran&ccedil;ais qui pourrait devenir important dans les prochaines ann&eacute;es. Ce groupe est compos&eacute; de deux fr&egrave;res de Saint-&Eacute;tienne qui chantent en fran&ccedil;ais sur l&rsquo;amour et les probl&egrave;mes de notre soci&eacute;t&eacute;.<\/p>\n\n\n\n<p class=\"has-medium-font-size wp-block-paragraph\"><strong>Le nom du groupe vient du nom d&rsquo;un des quartiers de Saint-&Eacute;tienne appel&eacute; Terrenoire<\/strong>. J&rsquo;ai assist&eacute; &agrave; un de leurs concerts, et ils me rappellent l&rsquo;artiste Stromae parce qu&rsquo;ils jouent pendant leur prestation.<\/p>\n\n\n\n<figure class=\"wp-block-embed is-type-video is-provider-youtube wp-block-embed-youtube wp-embed-aspect-16-9 wp-has-aspect-ratio\"><div class=\"wp-block-embed__wrapper\">\n<iframe loading=\"lazy\" title=\"La Nuit Des Parachutes - Terrenoire\" width=\"500\" height=\"281\" src=\"https:\/\/www.youtube.com\/embed\/MoKD7wfqWxA?feature=oembed\" frameborder=\"0\" allow=\"accelerometer; autoplay; clipboard-write; encrypted-media; gyroscope; picture-in-picture; web-share\" referrerpolicy=\"strict-origin-when-cross-origin\" allowfullscreen><\/iframe>\n<\/div><\/figure>\n\n\n\n<hr class=\"wp-block-separator has-alpha-channel-opacity\">\n\n\n\n<ol start=\"8\" class=\"wp-block-list has-large-font-size\">\n<li>FAUVE<\/li>\n<\/ol>\n\n\n\n<p class=\"has-medium-font-size wp-block-paragraph\">Un groupe fran&ccedil;ais qui chante en fran&ccedil;ais sur la vie avec une profonde tristesse. Ce groupe fran&ccedil;ais parisien a &eacute;t&eacute; cr&eacute;&eacute; en 2010 et il est compos&eacute; de cinq membres.<\/p>\n\n\n\n<p class=\"has-medium-font-size wp-block-paragraph\">Ces artistes sont d&eacute;finitivement atypiques dans la sc&egrave;ne musicale fran&ccedil;aise. Ils sont un peu d&eacute;prim&eacute;s, m&ecirc;me si en concert ils sont pleins d&rsquo;&eacute;nergie. Apr&egrave;s avoir disparu ces derni&egrave;res ann&eacute;es, ils sont revenus avec un nouveau nom et un nouveau style de musique ! MAGENTA (le nouveau nom du groupe fran&ccedil;ais) figure dans ma s&eacute;lection <a href=\"https:\/\/french-iceberg.com\/fr\/top-chansons-francaises-2022\/\" data-type=\"post\" data-id=\"9130\">des meilleures chansons fran&ccedil;aises de 2022<\/a>.<\/p>\n\n\n\n<figure class=\"wp-block-embed is-type-video is-provider-youtube wp-block-embed-youtube wp-embed-aspect-16-9 wp-has-aspect-ratio\"><div class=\"wp-block-embed__wrapper\">\n<iframe loading=\"lazy\" title=\"FAUVE &ne; BLIZZARD (VERSION LONGUE)\" width=\"500\" height=\"281\" src=\"https:\/\/www.youtube.com\/embed\/HMpmedi_pH4?feature=oembed\" frameborder=\"0\" allow=\"accelerometer; autoplay; clipboard-write; encrypted-media; gyroscope; picture-in-picture; web-share\" referrerpolicy=\"strict-origin-when-cross-origin\" allowfullscreen><\/iframe>\n<\/div><\/figure>\n\n\n\n<hr class=\"wp-block-separator has-alpha-channel-opacity\">\n\n\n\n<ol start=\"9\" class=\"wp-block-list has-large-font-size\">\n<li>The Blaze<\/li>\n<\/ol>\n\n\n\n<p class=\"has-medium-font-size wp-block-paragraph\">Ce duo de deux cousins a r&eacute;ussi &agrave; m&eacute;langer leur musique &eacute;lectro avec des clips vid&eacute;o visuellement percutants. Les paroles des chansons sont en anglais. Apr&egrave;s avoir sorti leur premi&egrave;re chanson &laquo;&nbsp;Virile&nbsp;&raquo; racontant une histoire d&rsquo;amour, ils ont sorti leur premier EP &laquo;&nbsp;<a href=\"https:\/\/youtu.be\/54fea7wuV6s\" target=\"_blank\" rel=\"noreferrer noopener\">Territory<\/a>&nbsp;&raquo; dont la chanson &eacute;ponyme de l&rsquo;EP.<\/p>\n\n\n\n<p class=\"has-medium-font-size wp-block-paragraph\">Le clip de la chanson a remport&eacute; en 2019 le Grand Prix du Film Craft au Cannes Lions Festival. Par ailleurs, la chanson est nomm&eacute;e aux Victoires de la musique pour le meilleur clip vid&eacute;o. Ce prix et cette nomination vont mettre un coup de projecteur sur le groupe fran&ccedil;ais aupr&egrave;s du grand public.<\/p>\n\n\n\n<hr class=\"wp-block-separator has-alpha-channel-opacity\">\n\n\n\n<ol start=\"10\" class=\"wp-block-list has-large-font-size\">\n<li>The Pirouettes<\/li>\n<\/ol>\n\n\n\n<p class=\"has-medium-font-size wp-block-paragraph\">Les Pirouettes est un groupe fran&ccedil;ais d&rsquo;Annecy qui chante en fran&ccedil;ais et qui a &eacute;t&eacute; fond&eacute; en 2011. Il est compos&eacute; de Leo Bear Creek et Vickie Ch&eacute;rie. Ils se sont rencontr&eacute;s au lyc&eacute;e et ont d&eacute;cid&eacute; de monter un groupe.<\/p>\n\n\n\n<p class=\"has-medium-font-size wp-block-paragraph\">Au d&eacute;but, la raison principale de ce projet &eacute;tait de se voir puisqu&rsquo;ils sont tomb&eacute;s amoureux. Lorsqu&rsquo;ils se sont install&eacute;s &agrave; Paris, le projet s&rsquo;est acc&eacute;l&eacute;r&eacute; et ils ont commenc&eacute; &agrave; chanter en fran&ccedil;ais. Ils ont sorti leur premier single en 2012 et un second en 2014 apr&egrave;s avoir sorti leur premier album &laquo;&nbsp;Carr&eacute;ment Carr&eacute;ment&nbsp;&raquo; en 2016 avec le tube &laquo;&nbsp;<a href=\"https:\/\/youtu.be\/fc_UryVAfeA\" target=\"_blank\" rel=\"noreferrer noopener\">L&rsquo;escalier<\/a>&laquo;&nbsp;.<\/p>\n\n\n\n<hr class=\"wp-block-separator has-alpha-channel-opacity\">\n\n\n\n<ol start=\"11\" class=\"wp-block-list has-large-font-size\">\n<li>Rendez-Vous<\/li>\n<\/ol>\n\n\n\n<p class=\"has-medium-font-size wp-block-paragraph\">Nouveaux groupes fran&ccedil;ais que je peux classer dans la cat&eacute;gorie post-punk dans le rock alternatif. Ils chantent en anglais avec une &eacute;nergie. Ce groupe est compos&eacute; de cinq musiciens fran&ccedil;ais. J&rsquo;appr&eacute;cie leurs chansons &eacute;nergiques &laquo;&nbsp;<a href=\"https:\/\/youtu.be\/nl1J2uMnoNY\" target=\"_blank\" rel=\"noreferrer noopener\">The Others<\/a>&nbsp;&raquo; et &laquo;&nbsp;Distance&nbsp;&raquo;.<\/p>\n\n\n\n<hr class=\"wp-block-separator has-alpha-channel-opacity\">\n\n\n\n<ol start=\"12\" class=\"wp-block-list has-large-font-size\">\n<li>Phoenix<\/li>\n<\/ol>\n\n\n\n<p class=\"has-medium-font-size wp-block-paragraph\">Groupe de rock fran&ccedil;ais chantant en anglais compos&eacute; de trois musiciens qui se rencontrent au lyc&eacute;e de Versailles. Ils ont r&eacute;ussi &agrave; devenir &laquo;&nbsp;c&eacute;l&egrave;bres&nbsp;&raquo; &agrave; l&rsquo;&eacute;tranger et surtout aux &Eacute;tats-Unis. Ils ont &eacute;t&eacute; nomin&eacute;s &agrave; deux reprises aux Grammy Awards et ont remport&eacute; en 2010 le prix du meilleur album alternatif.<\/p>\n\n\n\n<p class=\"has-medium-font-size wp-block-paragraph\">Ils ont particip&eacute; &agrave; de nombreux festivals dans le monde entier, dont Cochella (USA), Les Veilles Charrues (FR) et Summer Sonic (JPN). <strong>Ils ont fait salle comble au Madison Square Garden &agrave; New York.<\/strong><\/p>\n\n\n\n<figure class=\"wp-block-embed is-type-video is-provider-youtube wp-block-embed-youtube wp-embed-aspect-16-9 wp-has-aspect-ratio\"><div class=\"wp-block-embed__wrapper\">\n<iframe loading=\"lazy\" title=\"Phoenix - If I Ever Feel Better\" width=\"500\" height=\"281\" src=\"https:\/\/www.youtube.com\/embed\/ub36ffWAqgQ?feature=oembed\" frameborder=\"0\" allow=\"accelerometer; autoplay; clipboard-write; encrypted-media; gyroscope; picture-in-picture; web-share\" referrerpolicy=\"strict-origin-when-cross-origin\" allowfullscreen><\/iframe>\n<\/div><\/figure>\n\n\n\n<hr class=\"wp-block-separator has-alpha-channel-opacity\">\n\n\n\n<ol start=\"13\" class=\"wp-block-list has-large-font-size\">\n<li>Feu! Chatterton<\/li>\n<\/ol>\n\n\n<div class=\"wp-block-image\">\n<figure class=\"aligncenter size-full\"><noscript><img decoding=\"async\" src=\"https:\/\/french-iceberg.com\/wp-content\/uploads\/2023\/04\/feu-chatterton.jpg\" alt=\"Feu! Chatterton\" class=\"wp-image-18478\"><\/noscript><img decoding=\"async\" src=\"https:\/\/french-iceberg.com\/wp-content\/uploads\/2023\/04\/feu-chatterton.jpg.webp\" alt=\"Feu! Chatterton\" class=\"wp-image-18478 lazyload\" width=\"300\" height=\"300\" id=\"mv-trellis-img-3\" loading=\"lazy\" data-trellis-processed=\"1\"><figcaption class=\"wp-element-caption\"><a href=\"https:\/\/commons.wikimedia.org\/wiki\/File:Festival_des_Vieilles_Charrues_2021_-_Feu!_Chatterton_by_J%C3%A9r%C3%A9my_Kergourlay_-01.jpg\" target=\"_blank\" rel=\"noopener\">J&eacute;r&eacute;my Kergourlay<\/a>, <a href=\"https:\/\/creativecommons.org\/licenses\/by-sa\/4.0\" target=\"_blank\" rel=\"noopener\">CC BY-SA 4.0<\/a>, via Wikimedia Commons<\/figcaption><\/figure>\n<\/div>\n\n\n<p class=\"has-medium-font-size wp-block-paragraph\">Il s&rsquo;agit d&rsquo;un groupe de rock fran&ccedil;ais fond&eacute; en 2011, &agrave; Paris. Ils chantent en fran&ccedil;ais avec des paroles po&eacute;tiques. Le nom du groupe est la juxtaposition de l&rsquo;expression Feu ! (Feu signifiant &laquo;&nbsp;Allons-y&nbsp;&raquo;) et de Chatterton, en hommage au po&egrave;te Thomas Chatterton. J&rsquo;aime particuli&egrave;rement leurs chansons &laquo;&nbsp;Souvenir&nbsp;&raquo; ou &laquo;&nbsp;<a href=\"https:\/\/youtu.be\/55SwKPVMVM4\" target=\"_blank\" rel=\"noreferrer noopener\">Monde Nouveau<\/a>&laquo;&nbsp;.<\/p>\n\n\n\n<hr class=\"wp-block-separator has-alpha-channel-opacity\">\n\n\n\n<ol start=\"14\" class=\"wp-block-list has-large-font-size\">\n<li>Cocoon<\/li>\n<\/ol>\n\n\n\n<p class=\"has-medium-font-size wp-block-paragraph\">C&rsquo;est un groupe de pop fran&ccedil;aise chantant en anglais compos&eacute; de deux artistes, le fondateur Mark Daumail (chanteur et guitariste) et Morgane Imbeaud (chanteuse et pianiste). Leur style est un m&eacute;lange de folk-pop. Apr&egrave;s avoir sorti les deux tubes &laquo;&nbsp;On my way&nbsp;&raquo; et &laquo;&nbsp;<a href=\"https:\/\/youtu.be\/d9i_zXmULyk\" target=\"_blank\" rel=\"noreferrer noopener\">Chupee<\/a>&laquo;&nbsp;, ils ont jou&eacute; dans la salle de concert La Cigale et dans la salle de concert parisienne embl&eacute;matique de l&rsquo;Olympia en 2009.<\/p>\n\n\n\n<hr class=\"wp-block-separator has-alpha-channel-opacity\">\n\n\n\n<ol start=\"15\" class=\"wp-block-list has-large-font-size\">\n<li>La Femme<\/li>\n<\/ol>\n\n\n\n<p class=\"has-medium-font-size wp-block-paragraph\">Je suis un grand fan de ce groupe de pop fran&ccedil;ais. Ils ont sorti leur premier album &laquo;&nbsp;Psycho Tropical Berlin&nbsp;&raquo; le 8 avril 2013 et ont remport&eacute; la &laquo;&nbsp;Victoire de la Musique&nbsp;&raquo; du meilleur album r&eacute;v&eacute;lation de l&rsquo;ann&eacute;e 2014. Ils ont sorti en 2021 l&rsquo;album &laquo;&nbsp;Paradigmes&nbsp;&raquo;, un album au caract&egrave;re fr&eacute;n&eacute;tique et atypique. Je vous recommande les titres &laquo;&nbsp;Cool Colorado&nbsp;&raquo;, &laquo;&nbsp;Divine cr&eacute;ature&nbsp;&raquo; ou &laquo;&nbsp;Paradigme&nbsp;&raquo; du groupe <a href=\"https:\/\/culture.tv5monde.com\/musique\/biographies-artistes\/la-femme-1314\" target=\"_blank\" rel=\"noreferrer noopener\">La Femme<\/a>.<\/p>\n\n\n\n<figure class=\"wp-block-embed is-type-video is-provider-youtube wp-block-embed-youtube wp-embed-aspect-16-9 wp-has-aspect-ratio\"><div class=\"wp-block-embed__wrapper\">\n<iframe loading=\"lazy\" title=\"La Femme - Paradigme\" width=\"500\" height=\"281\" src=\"https:\/\/www.youtube.com\/embed\/DARzdvNMOAs?feature=oembed\" frameborder=\"0\" allow=\"accelerometer; autoplay; clipboard-write; encrypted-media; gyroscope; picture-in-picture; web-share\" referrerpolicy=\"strict-origin-when-cross-origin\" allowfullscreen><\/iframe>\n<\/div><\/figure>\n\n\n\n<hr class=\"wp-block-separator has-alpha-channel-opacity\">\n\n\n\n<ol start=\"16\" class=\"wp-block-list has-large-font-size\">\n<li>Brigitte<\/li>\n<\/ol>\n\n\n\n<p class=\"has-medium-font-size wp-block-paragraph\">Brigitte est un duo de chanteuses fran&ccedil;aises compos&eacute; de Sylvie Hoarau et Aur&eacute;lie Saada. Elles sont devenues c&eacute;l&egrave;bres gr&acirc;ce &agrave; leur reprise de &laquo;&nbsp;Ma Benz&nbsp;&raquo; de NTM en 2010, une chanson iconique du <a href=\"https:\/\/french-iceberg.com\/fr\/artistes-hip-hop-francais\/\" data-type=\"post\" data-id=\"6246\">hip-hop fran&ccedil;ais<\/a>. J&rsquo;aime bien leur chanson &laquo;&nbsp;<a href=\"https:\/\/youtu.be\/lbLMABnJ7Vc\" target=\"_blank\" rel=\"noreferrer noopener\">&Agrave; bouche que veux-tu<\/a>&laquo;&nbsp;.<\/p>\n\n\n\n<hr class=\"wp-block-separator has-alpha-channel-opacity\">\n\n\n\n<ol start=\"17\" class=\"wp-block-list has-large-font-size\">\n<li>Agar Agar<\/li>\n<\/ol>\n\n\n\n<p class=\"has-medium-font-size wp-block-paragraph\">Agar Agar est un groupe &eacute;lectro-pop fran&ccedil;ais chantant en anglais, form&eacute; &agrave; Paris en 2015 par Clara Cappagli et Armand Bultheel. Pour la presse sp&eacute;cialis&eacute;e, ils repr&eacute;sentent l&rsquo;avenir de l&rsquo;&eacute;lectro fran&ccedil;ais puisque le single &laquo;&nbsp;<a href=\"https:\/\/youtu.be\/Yp257b5APOg\" target=\"_blank\" rel=\"noreferrer noopener\">Prettiest Virgin<\/a>&nbsp;&raquo; a connu un &eacute;norme succ&egrave;s en 2016.<\/p>\n\n\n\n<hr class=\"wp-block-separator has-alpha-channel-opacity\">\n\n\n\n<ol start=\"18\" class=\"wp-block-list has-large-font-size\">\n<li>P&eacute;pite<\/li>\n<\/ol>\n\n\n\n<p class=\"has-medium-font-size wp-block-paragraph\">P&eacute;pite est compos&eacute; de Thomas Darmond (chanteur) et Edouard Perrin (guitare &eacute;lectronique). Tout a vraiment commenc&eacute; au printemps 2015 avec la chanson Les Bateaux. <\/p>\n\n\n\n<p class=\"has-medium-font-size wp-block-paragraph\">Ils faisaient d&eacute;j&agrave; de la musique ensemble depuis quelques ann&eacute;es mais &laquo;&nbsp;P&eacute;pite a vraiment pris vie &agrave; ce moment-l&agrave;&nbsp;&raquo;, a d&eacute;clar&eacute; Thomas Darmond, le chanteur du duo du groupe pop fran&ccedil;ais.<\/p>\n\n\n\n<hr class=\"wp-block-separator has-alpha-channel-opacity\">\n\n\n\n<ol start=\"19\" class=\"wp-block-list has-large-font-size\">\n<li>Paradis<\/li>\n<\/ol>\n\n\n\n<p class=\"has-medium-font-size wp-block-paragraph\">Un autre grand groupe fran&ccedil;ais d&rsquo;&eacute;lectro pop, ce duo est compos&eacute; de Pierre Rousseau et Simon M&eacute;ny. Ils ont tous deux des personnalit&eacute;s diff&eacute;rentes, mais ils sont parvenus &agrave; produire <a href=\"https:\/\/french-iceberg.com\/fr\/chansons-francaises-connues\/\">d&rsquo;excellentes chansons fran&ccedil;aises<\/a> gr&acirc;ce &agrave; leur bromance.<\/p>\n\n\n\n<figure class=\"wp-block-embed is-type-video is-provider-youtube wp-block-embed-youtube wp-embed-aspect-16-9 wp-has-aspect-ratio\"><div class=\"wp-block-embed__wrapper\">\n<iframe loading=\"lazy\" title=\"Paradis - Toi Et Moi (Official Video)\" width=\"500\" height=\"281\" src=\"https:\/\/www.youtube.com\/embed\/5H4ekRWiW6U?feature=oembed\" frameborder=\"0\" allow=\"accelerometer; autoplay; clipboard-write; encrypted-media; gyroscope; picture-in-picture; web-share\" referrerpolicy=\"strict-origin-when-cross-origin\" allowfullscreen><\/iframe>\n<\/div><\/figure>\n\n\n\n<hr class=\"wp-block-separator has-alpha-channel-opacity\">\n\n\n\n<ol start=\"20\" class=\"wp-block-list has-large-font-size\">\n<li>Juniore<\/li>\n<\/ol>\n\n\n\n<p class=\"has-medium-font-size wp-block-paragraph\">Juniore est un groupe fran&ccedil;ais d&rsquo;indie pop cr&eacute;&eacute; en 2013 &agrave; Paris. Le groupe de musique est dirig&eacute; par la chanteuse et compositrice Anna Jean. Elle dirige un groupe d&rsquo;hommes et Samy Osta en est le producteur (d&eacute;j&agrave; producteur de La Femme et Feu ! Chatterton). Ils se sont fait conna&icirc;tre en 2015 avec le single &laquo;&nbsp;<a href=\"https:\/\/youtu.be\/nVPcvTZAmSA\" target=\"_blank\" rel=\"noreferrer noopener\">Panique<\/a>&laquo;&nbsp;.<\/p>\n\n\n\n<hr class=\"wp-block-separator has-alpha-channel-opacity\">\n\n\n\n<ol start=\"21\" class=\"wp-block-list has-large-font-size\">\n<li>Granville<\/li>\n<\/ol>\n\n\n\n<p class=\"has-medium-font-size wp-block-paragraph\">Granville est un groupe fran&ccedil;ais de rock indie qui chante en fran&ccedil;ais. Le but du projet pour le groupe est de cr&eacute;er un groupe de musique d&rsquo;influence pop fran&ccedil;aise des ann&eacute;es 60. Leur premier album &laquo;&nbsp;Les Voiles&nbsp;&raquo; en 2013 leur a permis de se faire conna&icirc;tre du grand public avec les chansons &laquo;&nbsp;Le Slow&nbsp;&raquo; et &laquo;&nbsp;<a href=\"https:\/\/youtu.be\/Lo7BYF_q9Ys\" target=\"_blank\" rel=\"noreferrer noopener\">Jersey<\/a>&laquo;&nbsp;.<\/p>\n\n\n\n<hr class=\"wp-block-separator has-alpha-channel-opacity\">\n\n\n\n<p class=\"has-medium-font-size wp-block-paragraph\">J&rsquo;esp&egrave;re que vous avez aim&eacute; ma s&eacute;lection <strong>des groupes fran&ccedil;ais embl&eacute;matiques et actuels<\/strong>. Faites-moi savoir si vous connaissez d&rsquo;autres groupes fran&ccedil;ais qui m&eacute;ritent d&rsquo;&ecirc;tre connus. &Agrave; partir de maintenant, vous pouvez consulter mes articles sur mes listes d&rsquo;artistes fran&ccedil;ais :<\/p>\n\n\n\n<ul class=\"wp-block-list has-medium-font-size\">\n<li><a href=\"https:\/\/french-iceberg.com\/fr\/chanteurs-francais\/\">15 Chanteurs Fran&ccedil;ais Connus (Anciens et Actuels)<\/a><\/li>\n\n\n\n<li><a href=\"https:\/\/french-iceberg.com\/fr\/chanteuses-francaises\/\">15 Chanteuses Fran&ccedil;aises Connues (Anciennes et Actuelles)<\/a><\/li>\n<\/ul>\n","protected":false},"excerpt":{"rendered":"<p>J&rsquo;ai r&eacute;alis&eacute; une nouvelle s&eacute;lection de musique fran&ccedil;aise rassemblant certains des meilleurs groupes de musique fran&ccedil;ais. &Eacute;couter de la musique fran&ccedil;aise peut vous aider &agrave; mieux comprendre la langue fran&ccedil;aise. &hellip;<\/p>\n","protected":false},"author":2,"featured_media":6111,"comment_status":"open","ping_status":"open","sticky":false,"template":"","format":"standard","meta":{"_crdt_document":"","inline_featured_image":false,"_eb_attr":"","disable-in-feed":false,"article-schema-type":"","disable-critical-css":false,"footnotes":""},"categories":[1450],"tags":[],"class_list":["post-6335","post","type-post","status-publish","format-standard","has-post-thumbnail","hentry","category-musique-francaise"],"_links":{"self":[{"href":"https:\/\/french-iceberg.com\/fr\/wp-json\/wp\/v2\/posts\/6335","targetHints":{"allow":["GET"]}}],"collection":[{"href":"https:\/\/french-iceberg.com\/fr\/wp-json\/wp\/v2\/posts"}],"about":[{"href":"https:\/\/french-iceberg.com\/fr\/wp-json\/wp\/v2\/types\/post"}],"author":[{"embeddable":true,"href":"https:\/\/french-iceberg.com\/fr\/wp-json\/wp\/v2\/users\/2"}],"replies":[{"embeddable":true,"href":"https:\/\/french-iceberg.com\/fr\/wp-json\/wp\/v2\/comments?post=6335"}],"version-history":[{"count":0,"href":"https:\/\/french-iceberg.com\/fr\/wp-json\/wp\/v2\/posts\/6335\/revisions"}],"wp:featuredmedia":[{"embeddable":true,"href":"https:\/\/french-iceberg.com\/fr\/wp-json\/wp\/v2\/media\/6111"}],"wp:attachment":[{"href":"https:\/\/french-iceberg.com\/fr\/wp-json\/wp\/v2\/media?parent=6335"}],"wp:term":[{"taxonomy":"category","embeddable":true,"href":"https:\/\/french-iceberg.com\/fr\/wp-json\/wp\/v2\/categories?post=6335"},{"taxonomy":"post_tag","embeddable":true,"href":"https:\/\/french-iceberg.com\/fr\/wp-json\/wp\/v2\/tags?post=6335"}],"curies":[{"name":"wp","href":"https:\/\/api.w.org\/{rel}","templated":true}]}}