{"id":20199,"date":"2023-11-15T23:17:58","date_gmt":"2023-11-15T22:17:58","guid":{"rendered":"https:\/\/french-iceberg.com\/?p=20199"},"modified":"2024-12-18T18:25:40","modified_gmt":"2024-12-18T17:25:40","slug":"berets-francais-marques","status":"publish","type":"post","link":"https:\/\/french-iceberg.com\/fr\/berets-francais-marques\/","title":{"rendered":"5 Marques de B\u00e9rets Fran\u00e7ais : Notre S\u00e9lection"},"content":{"rendered":"<style>img#mv-trellis-img-1::before{padding-top:133.33333333333%; }img#mv-trellis-img-1{display:block;}img#mv-trellis-img-2::before{padding-top:133.33333333333%; }img#mv-trellis-img-2{display:block;}img#mv-trellis-img-3::before{padding-top:133.33333333333%; }img#mv-trellis-img-3{display:block;}img#mv-trellis-img-4::before{padding-top:133.33333333333%; }img#mv-trellis-img-4{display:block;}<\/style>\n<p class=\"has-medium-font-size wp-block-paragraph\">Depuis des si&egrave;cles, le b&eacute;ret s&rsquo;est affirm&eacute; comme un symbole embl&eacute;matique du style et de l&rsquo;&eacute;l&eacute;gance fran&ccedil;aise. Port&eacute; jadis par les paysans et les artistes, il tr&ocirc;ne aujourd&rsquo;hui sur les t&ecirc;tes des ic&ocirc;nes de la mode et trouve sa place dans de nombreux dressings. Toutefois, choisir le b&eacute;ret id&eacute;al, alliant modernit&eacute; et authenticit&eacute;, peut s&rsquo;av&eacute;rer complexe.<\/p>\n\n\n\n<p class=\"has-medium-font-size wp-block-paragraph\">Dans cet article, <strong>d&eacute;couvrez nos 5 marques de b&eacute;rets favoris<\/strong> et b&eacute;n&eacute;ficiez de nos conseils pour parfaire votre allure avec cet accessoire intemporel !<\/p>\n\n\n\n<hr class=\"wp-block-separator has-alpha-channel-opacity\">\n\n\n\n<div style=\"background-color: rgba(255, 165, 0, 0.2); padding: 10px;\">\n    <h2 class=\"wp-block-heading has-black-color has-text-color has-link-color\" style=\"font-size:30px\">Ce qu&rsquo;il faut retenir :<\/h2>\n    <ol>\n        <li>Le b&eacute;ret est un symbole fran&ccedil;ais, &eacute;voluant d&rsquo;un accessoire rural &agrave; un incontournable de la mode.<\/li>\n        <li>Cinq marques embl&eacute;matiques incluent Laulh&egrave;re, Le B&eacute;ret Fran&ccedil;ais et Herm&egrave;s.<\/li>\n        <li>Diff&eacute;rents styles existent, comme le b&eacute;ret basque et breton, chacun ayant une histoire unique.<\/li>\n    <\/ol>\n<\/div>\n\n\n\n<hr class=\"wp-block-separator has-alpha-channel-opacity\">\n\n\n\n<h2 class=\"wp-block-heading has-luminous-vivid-orange-color has-text-color has-link-color wp-elements-f6d4c9a8f1ae4d2e9d3c96e2f85b1fb4\" style=\"font-size:30px\">Un B&eacute;ret Fran&ccedil;ais, Qu&rsquo;est-ce que c&rsquo;est ?<\/h2>\n\n\n\n<p class=\"has-medium-font-size wp-block-paragraph\">Avec ou sans tresse, en forme de galette ou l&eacute;g&egrave;rement inclin&eacute;, le b&eacute;ret ne cesse de se r&eacute;inventer. Mais savez-vous qu&rsquo;avant d&rsquo;&ecirc;tre cet accessoire de mode incontournable, il a voyag&eacute; des champs de bataille romains jusqu&rsquo;aux ruelles pittoresques de Paris&nbsp; ?&nbsp;<\/p>\n\n\n<div class=\"wp-block-image\">\n<figure class=\"aligncenter size-full\"><noscript><img decoding=\"async\" width=\"546\" height=\"728\" src=\"https:\/\/french-iceberg.com\/wp-content\/uploads\/2023\/11\/french-beret.jpg\" alt=\"B&eacute;ret fran&ccedil;ais \/ Canva Pro @RossHelen\" class=\"wp-image-20194\" srcset=\"https:\/\/french-iceberg.com\/wp-content\/uploads\/2023\/11\/french-beret.jpg 546w, https:\/\/french-iceberg.com\/wp-content\/uploads\/2023\/11\/french-beret-225x300.jpg 225w\" sizes=\"(max-width: 546px) 100vw, 546px\"><\/noscript><img decoding=\"async\" width=\"546\" height=\"728\" src=\"data:image\/svg+xml,%3Csvg%20xmlns='http:\/\/www.w3.org\/2000\/svg'%20viewBox='0%200%20546%20728'%3E%3Crect%20width='546'%20height='728'%20style='fill:%23e3e3e3'\/%3E%3C\/svg%3E\" alt=\"B&eacute;ret fran&ccedil;ais \/ Canva Pro @RossHelen\" class=\"wp-image-20194 eager-load\" sizes=\"(max-width: 546px) 100vw, 546px\" data-pin-media=\"https:\/\/french-iceberg.com\/wp-content\/uploads\/2023\/11\/french-beret.jpg\" id=\"mv-trellis-img-1\" loading=\"eager\" data-src=\"https:\/\/french-iceberg.com\/wp-content\/uploads\/2023\/11\/french-beret.jpg.webp\" data-srcset=\"https:\/\/french-iceberg.com\/wp-content\/uploads\/2023\/11\/french-beret.jpg.webp 546w, https:\/\/french-iceberg.com\/wp-content\/uploads\/2023\/11\/french-beret-225x300.jpg.webp 225w\" data-svg=\"1\" data-trellis-processed=\"1\"><figcaption class=\"wp-element-caption\">B&eacute;ret fran&ccedil;ais \/ Canva Pro @RossHelen<\/figcaption><\/figure>\n<\/div>\n\n\n<h3 class=\"wp-block-heading\" style=\"font-size:24px\">Le b&eacute;ret est-il fran&ccedil;ais ?<\/h3>\n\n\n\n<p class=\"has-medium-font-size wp-block-paragraph\">Le b&eacute;ret, symbole fran&ccedil;ais, &eacute;voque les boh&egrave;mes parisiens et les fermiers pyr&eacute;n&eacute;ens. Pourtant, l&rsquo;<strong>histoire du b&eacute;ret<\/strong> remonte &agrave; l&rsquo;Empire romain o&ugrave; il &eacute;tait connu sous le nom de &laquo;&nbsp;byrrus&nbsp;&raquo;. Cette coiffe ronde et plate &eacute;tait port&eacute;e par les populations du nord de l&rsquo;Empire et par les soldats.&nbsp;<\/p>\n\n\n\n<p class=\"has-medium-font-size wp-block-paragraph\">Au fil du temps, les Celtes et les Ib&egrave;res, ont adapt&eacute; ce chapeau &agrave; leurs besoins et &agrave; leurs traditions. C&rsquo;est ainsi que le b&eacute;ret a commenc&eacute; &agrave; se diversifier en styles et en usages.&nbsp;<\/p>\n\n\n\n<p class=\"has-medium-font-size wp-block-paragraph\">En traversant les Pyr&eacute;n&eacute;es, le couvre-chef a finalement trouv&eacute; sa place en France durant le Moyen &Acirc;ge. C&rsquo;est l&agrave; qu&rsquo;il a &eacute;t&eacute; perfectionn&eacute; pour devenir le b&eacute;ret que nous connaissons aujourd&rsquo;hui !<\/p>\n\n\n\n<h3 class=\"wp-block-heading\" style=\"font-size:24px\">Pourquoi les B&eacute;rets sont Associ&eacute;s &agrave; la France ?<\/h3>\n\n\n\n<p class=\"has-medium-font-size wp-block-paragraph\">Le b&eacute;ret est rapidement devenu un marqueur d&rsquo;identit&eacute; r&eacute;gionale en France. L&rsquo;<a href=\"https:\/\/www.lesechos.fr\/weekend\/mode-beaute\/la-folle-histoire-du-beret-basque-1852843#:~:text=Difficile%20de%20dater%20pr%C3%A9cis%C3%A9ment%20la,et%20le%20surnomme%20b%C3%A9ret%20basque.\" target=\"_blank\" rel=\"noreferrer noopener\">histoire du b&eacute;ret Basque,<\/a> par exemple, est le symbole de leur culture et de leur particularisme.&nbsp;<\/p>\n\n\n\n<p class=\"has-medium-font-size wp-block-paragraph\">Au fil du temps, il est devenu un symbole de la &laquo;&nbsp;francit&eacute;&nbsp;&raquo;, repr&eacute;sentant la mode, l&rsquo;&eacute;l&eacute;gance et la culture fran&ccedil;aises. Cette association est le fruit d&rsquo;une convergence entre le cin&eacute;ma, la litt&eacute;rature et la mode, o&ugrave; le b&eacute;ret a &eacute;t&eacute; pr&eacute;sent&eacute; comme un accessoire typiquement fran&ccedil;ais.<\/p>\n\n\n\n<ul class=\"wp-block-list\">\n<li class=\"has-medium-font-size\">Par exemple, le film &laquo;&nbsp;an American in Paris&nbsp;&raquo; (Un Am&eacute;ricain &agrave; Paris), avec Gene Kelly, met en sc&egrave;ne le b&eacute;ret comme un &eacute;l&eacute;ment iconique de la mode parisienne.<\/li>\n<\/ul>\n\n\n\n<ul class=\"wp-block-list\">\n<li class=\"has-medium-font-size\">Plus r&eacute;cemment, &laquo;&nbsp;La La Land&nbsp;&raquo; montre Emma Stone portant un b&eacute;ret dans un d&eacute;cor parisien qui renforce l&rsquo;image romantique et nostalgique de la capitale.<\/li>\n<\/ul>\n\n\n\n<h3 class=\"wp-block-heading\" style=\"font-size:24px\">Combien y a-t-il de Fabriques de B&eacute;rets en France ?<\/h3>\n\n\n\n<p class=\"has-medium-font-size wp-block-paragraph\">La France est c&eacute;l&egrave;bre pour ses b&eacute;rets de qualit&eacute; sup&eacute;rieure. Autrefois, les r&eacute;gions du B&eacute;arn et du Pays-Basque regorgeaient de petits ateliers d&eacute;di&eacute;s &agrave; leur confection.&nbsp;<\/p>\n\n\n\n<p class=\"has-medium-font-size wp-block-paragraph\">Si la modernisation et l&rsquo;&eacute;volution de l&rsquo;industrie textile ont r&eacute;duit leur pr&eacute;sence, quelques maisons prestigieuses demeurent, d&eacute;fendant l&rsquo;art traditionnel du b&eacute;ret.&nbsp;<\/p>\n\n\n\n<p class=\"has-medium-font-size wp-block-paragraph\">La plus renomm&eacute;e est &laquo;&nbsp;Laulh&egrave;re&nbsp;&raquo;, bas&eacute;e &agrave; Oloron-Sainte-Marie, proclam&eacute;e derni&egrave;re v&eacute;ritable fabrique de b&eacute;rets basques en France. &Agrave; c&ocirc;t&eacute; d&rsquo;elle, quelques petits ateliers continuent de forger ce symbole, perp&eacute;tuant une tradition et un savoir-faire typiquement fran&ccedil;ais.<\/p>\n\n\n\n<hr class=\"wp-block-separator has-alpha-channel-opacity\">\n\n\n\n<h2 class=\"wp-block-heading has-luminous-vivid-orange-color has-text-color has-link-color wp-elements-cc1d8335cd63f8269ae7eaee130eba2f\" style=\"font-size:30px\">Quels sont les Diff&eacute;rents Styles de B&eacute;rets Fran&ccedil;ais ?<\/h2>\n\n\n\n<p class=\"has-medium-font-size wp-block-paragraph\">Du b&eacute;ret basque au b&eacute;ret breton, en passant par le b&eacute;ret b&eacute;arnais, chaque style raconte une histoire unique et refl&egrave;te une facette de la culture fran&ccedil;aise.<\/p>\n\n\n\n<h3 class=\"wp-block-heading\" style=\"font-size:24px\">B&eacute;ret Basque<\/h3>\n\n\n\n<p class=\"has-medium-font-size wp-block-paragraph\">Le <strong>b&eacute;ret basque<\/strong> est probablement le style le plus iconique et le plus largement reconnu. Originaire du Pays-Basque, ce b&eacute;ret est fabriqu&eacute; en laine, avec une forme ronde plate et une petite &laquo;&nbsp;tige&nbsp;&raquo; ou &laquo;&nbsp;queue&nbsp;&raquo; au centre.<\/p>\n\n\n\n<p class=\"has-medium-font-size wp-block-paragraph\">Il peut &ecirc;tre port&eacute; inclin&eacute; sur un c&ocirc;t&eacute; ou tir&eacute; en arri&egrave;re pour une allure plus d&eacute;contract&eacute;e. Port&eacute; &agrave; l&rsquo;origine par les paysans, il est aujourd&rsquo;hui un signe d&rsquo;&eacute;l&eacute;gance et de sophistication dans la mode.<\/p>\n\n\n\n<h3 class=\"wp-block-heading\" style=\"font-size:24px\">B&eacute;ret de B&eacute;reti&egrave;re<\/h3>\n\n\n\n<p class=\"has-medium-font-size wp-block-paragraph\">D&rsquo;abord utilis&eacute; par les femmes qui fabriquaient les b&eacute;rets, le <strong>b&eacute;ret de b&eacute;reti&egrave;re<\/strong> est plus petit et plus ajust&eacute; que le b&eacute;ret basque. Il a une forme l&eacute;g&egrave;rement bomb&eacute;e et est souvent orn&eacute; de broderies ou de motifs.&nbsp;<\/p>\n\n\n\n<p class=\"has-medium-font-size wp-block-paragraph\">Dans le monde de la mode, il est appr&eacute;ci&eacute; pour sa f&eacute;minit&eacute; et son charme vintage.<\/p>\n\n\n\n<h3 class=\"wp-block-heading\" style=\"font-size:24px\">B&eacute;ret B&eacute;arnais<\/h3>\n\n\n\n<p class=\"has-medium-font-size wp-block-paragraph\">Le <strong>b&eacute;ret B&eacute;arnais<\/strong> a la m&ecirc;me forme que le b&eacute;ret Basque, mais il est souvent plus grand et plus souple. Au moyen-&acirc;ge, sa taille et la mani&egrave;re de le porter &eacute;taient li&eacute;es au statut social ou &agrave; la profession. Dans le monde de la mode, il est appr&eacute;ci&eacute; pour son allure &agrave; la fois rustique et &eacute;l&eacute;gante.<\/p>\n\n\n\n<h3 class=\"wp-block-heading\" style=\"font-size:24px\">B&eacute;ret Breton<\/h3>\n\n\n\n<p class=\"has-medium-font-size wp-block-paragraph\">Le <strong>b&eacute;ret breton<\/strong>, &eacute;galement connu sous le nom de &laquo;&nbsp;chapeau rond&nbsp;&raquo;, est r&eacute;alis&eacute; en feutre de laine noir et poss&egrave;de des bords larges. Apanage des marins et des paysans bretons, il est devenu un symbole d&rsquo;identit&eacute; culturelle en Bretagne.&nbsp;<\/p>\n\n\n\n<p class=\"has-medium-font-size wp-block-paragraph\">Aujourd&rsquo;hui, il est souvent associ&eacute; &agrave; la danse et aux <a href=\"https:\/\/french-iceberg.com\/fr\/festivals-francais-de-musique\/\">festivals de musique<\/a> bretons. Dans la mode, le b&eacute;ret breton apporte une touche maritime et un sentiment d&rsquo;appartenance &agrave; une riche histoire r&eacute;gionale.<\/p>\n\n\n\n<hr class=\"wp-block-separator has-alpha-channel-opacity\">\n\n\n\n<h2 class=\"wp-block-heading has-luminous-vivid-orange-color has-text-color has-link-color wp-elements-d53b9f38c10da3177c1542e44839539b\" style=\"font-size:30px\">Nos 5 Marques de B&eacute;rets Pr&eacute;f&eacute;r&eacute;es<\/h2>\n\n\n\n<h3 class=\"wp-block-heading\" style=\"font-size:24px\">Laulh&egrave;re<\/h3>\n\n\n\n<p class=\"has-medium-font-size wp-block-paragraph\">Instagram: @<a href=\"https:\/\/www.instagram.com\/laulhere_france\/\" target=\"_blank\" rel=\"noreferrer noopener\">laulhere_france<\/a><\/p>\n\n\n<div class=\"wp-block-image\">\n<figure class=\"aligncenter size-full\"><noscript><img decoding=\"async\" width=\"546\" height=\"728\" src=\"https:\/\/french-iceberg.com\/wp-content\/uploads\/2023\/11\/laulhere.jpg\" alt=\"Laulh&egrave;re brand\" class=\"wp-image-20187\" srcset=\"https:\/\/french-iceberg.com\/wp-content\/uploads\/2023\/11\/laulhere.jpg 546w, https:\/\/french-iceberg.com\/wp-content\/uploads\/2023\/11\/laulhere-225x300.jpg 225w\" sizes=\"(max-width: 546px) 100vw, 546px\"><\/noscript><img decoding=\"async\" width=\"546\" height=\"728\" src=\"https:\/\/french-iceberg.com\/wp-content\/uploads\/2023\/11\/laulhere.jpg.webp\" alt=\"Laulh&egrave;re brand\" class=\"wp-image-20187 lazyload\" srcset=\"https:\/\/french-iceberg.com\/wp-content\/uploads\/2023\/11\/laulhere.jpg.webp 546w, https:\/\/french-iceberg.com\/wp-content\/uploads\/2023\/11\/laulhere-225x300.jpg.webp 225w\" sizes=\"(max-width: 546px) 100vw, 546px\" data-pin-media=\"https:\/\/french-iceberg.com\/wp-content\/uploads\/2023\/11\/laulhere.jpg\" id=\"mv-trellis-img-2\" loading=\"lazy\" data-trellis-processed=\"1\"><figcaption class=\"wp-element-caption\">Laulh&egrave;re brand<\/figcaption><\/figure>\n<\/div>\n\n\n<p class=\"has-medium-font-size wp-block-paragraph\">Laulh&egrave;re est une maison embl&eacute;matique fran&ccedil;aise, sp&eacute;cialis&eacute;e dans la fabrication de b&eacute;rets depuis pr&egrave;s de deux si&egrave;cles. Synonyme d&rsquo;excellence, elle propose des b&eacute;rets d&rsquo;une qualit&eacute; in&eacute;gal&eacute;e, alliant tradition et modernit&eacute;. Avec des prix variant selon la finesse et les d&eacute;tails, Laulh&egrave;re satisfait aussi bien les puristes que les amateurs de mode.<\/p>\n\n\n\n<h3 class=\"wp-block-heading\" style=\"font-size:24px\">Le B&eacute;ret Fran&ccedil;ais<\/h3>\n\n\n\n<p class=\"has-medium-font-size wp-block-paragraph\">Instagram: @<a href=\"https:\/\/www.instagram.com\/leberetfrancais\/\" target=\"_blank\" rel=\"noreferrer noopener\">leberetfrancais<\/a><\/p>\n\n\n<div class=\"wp-block-image\">\n<figure class=\"aligncenter size-full\"><noscript><img decoding=\"async\" width=\"546\" height=\"728\" src=\"https:\/\/french-iceberg.com\/wp-content\/uploads\/2023\/11\/le-beret-francais.jpg\" alt=\"Le B&eacute;ret Fran&ccedil;ais brand\" class=\"wp-image-20189\" srcset=\"https:\/\/french-iceberg.com\/wp-content\/uploads\/2023\/11\/le-beret-francais.jpg 546w, https:\/\/french-iceberg.com\/wp-content\/uploads\/2023\/11\/le-beret-francais-225x300.jpg 225w\" sizes=\"(max-width: 546px) 100vw, 546px\"><\/noscript><img decoding=\"async\" width=\"546\" height=\"728\" src=\"https:\/\/french-iceberg.com\/wp-content\/uploads\/2023\/11\/le-beret-francais.jpg.webp\" alt=\"Le B&eacute;ret Fran&ccedil;ais brand\" class=\"wp-image-20189 lazyload\" srcset=\"https:\/\/french-iceberg.com\/wp-content\/uploads\/2023\/11\/le-beret-francais.jpg.webp 546w, https:\/\/french-iceberg.com\/wp-content\/uploads\/2023\/11\/le-beret-francais-225x300.jpg.webp 225w\" sizes=\"(max-width: 546px) 100vw, 546px\" data-pin-media=\"https:\/\/french-iceberg.com\/wp-content\/uploads\/2023\/11\/le-beret-francais.jpg\" id=\"mv-trellis-img-3\" loading=\"lazy\" data-trellis-processed=\"1\"><figcaption class=\"wp-element-caption\">Le B&eacute;ret Fran&ccedil;ais brand<\/figcaption><\/figure>\n<\/div>\n\n\n<p class=\"has-medium-font-size wp-block-paragraph\"><strong>B&eacute;ret officiel de la coupe du monde de rugby<\/strong>, mariage de l&rsquo;&eacute;l&eacute;gance et d&rsquo;un savoir-faire traditionnel, &laquo;&nbsp;Le B&eacute;ret Fran&ccedil;ais&nbsp;&raquo; est une marque contemporaine 100%&nbsp; tricolore. Les cr&eacute;ations, propos&eacute;es &agrave; des prix abordables, s&eacute;duisent tant les aficionados du style classique que les adeptes de tendances actuelles. Une <a href=\"https:\/\/french-iceberg.com\/fr\/idees-cadeaux-francais\/\">id&eacute;e de cadeau fran&ccedil;ais<\/a> inratable !<\/p>\n\n\n\n<p class=\"has-medium-font-size wp-block-paragraph\"><strong>&Agrave; lire aussi :<\/strong> <a href=\"https:\/\/french-iceberg.com\/fr\/antoine-dupont-faits\/\" data-type=\"post\" data-id=\"20004\">Antoine Dupont : 10 Faits Marquants sur la Star du XV de France&nbsp;<\/a><\/p>\n\n\n\n<h3 class=\"wp-block-heading\" style=\"font-size:24px\">Boneteria Aotearoa<\/h3>\n\n\n\n<p class=\"has-medium-font-size wp-block-paragraph\">Boneteria Aotearoa est une marque unique puisant ses inspirations des traditions fran&ccedil;aises et n&eacute;o-z&eacute;landaises. Bas&eacute;e dans les Pyr&eacute;nn&eacute;es, &agrave; Oloron Sainte Marie, elle fusionne le charme classique du b&eacute;ret avec une touche contemporaine.&nbsp;<\/p>\n\n\n\n<p class=\"has-medium-font-size wp-block-paragraph\">Comptez une centaine d&rsquo;euros environ pour vous offrir un b&eacute;ret de cette marque.<\/p>\n\n\n\n<h3 class=\"wp-block-heading\" style=\"font-size:24px\">Crambes<\/h3>\n\n\n\n<p class=\"has-medium-font-size wp-block-paragraph\">Instagram: @<a href=\"https:\/\/www.instagram.com\/crambes_original\/\" target=\"_blank\" rel=\"noreferrer noopener\">crambes_original<\/a><\/p>\n\n\n<div class=\"wp-block-image\">\n<figure class=\"aligncenter size-full\"><noscript><img decoding=\"async\" width=\"546\" height=\"728\" src=\"https:\/\/french-iceberg.com\/wp-content\/uploads\/2023\/11\/crambes.jpg\" alt=\"Crambes marque\" class=\"wp-image-20185\" srcset=\"https:\/\/french-iceberg.com\/wp-content\/uploads\/2023\/11\/crambes.jpg 546w, https:\/\/french-iceberg.com\/wp-content\/uploads\/2023\/11\/crambes-225x300.jpg 225w\" sizes=\"(max-width: 546px) 100vw, 546px\"><\/noscript><img decoding=\"async\" width=\"546\" height=\"728\" src=\"https:\/\/french-iceberg.com\/wp-content\/uploads\/2023\/11\/crambes.jpg.webp\" alt=\"Crambes marque\" class=\"wp-image-20185 lazyload\" srcset=\"https:\/\/french-iceberg.com\/wp-content\/uploads\/2023\/11\/crambes.jpg.webp 546w, https:\/\/french-iceberg.com\/wp-content\/uploads\/2023\/11\/crambes-225x300.jpg.webp 225w\" sizes=\"(max-width: 546px) 100vw, 546px\" data-pin-media=\"https:\/\/french-iceberg.com\/wp-content\/uploads\/2023\/11\/crambes.jpg\" id=\"mv-trellis-img-4\" loading=\"lazy\" data-trellis-processed=\"1\"><figcaption class=\"wp-element-caption\">Crambes marque Instagram @<\/figcaption><\/figure>\n<\/div>\n\n\n<p class=\"has-medium-font-size wp-block-paragraph\">&Eacute;tablie en 1946 &agrave; Caussade, Crambes est une maison fran&ccedil;aise renomm&eacute;e pour ses chapeaux et b&eacute;rets de qualit&eacute; sup&eacute;rieure. Elle marie tradition et innovation, mettant en avant un savoir-faire artisanal s&eacute;culaire.&nbsp;<\/p>\n\n\n\n<p class=\"has-medium-font-size wp-block-paragraph\">Chaque pi&egrave;ce t&eacute;moigne d&rsquo;une attention m&eacute;ticuleuse aux d&eacute;tails. Engag&eacute;e dans la durabilit&eacute; et l&rsquo;excellence, la marque est un gage d&rsquo;&eacute;l&eacute;gance intemporelle. Un <strong>b&eacute;ret fran&ccedil;ais homme<\/strong> est g&eacute;n&eacute;ralement vendu aux alentours de 100 euros.<\/p>\n\n\n\n<h3 class=\"wp-block-heading\" style=\"font-size:24px\">Herm&egrave;s<\/h3>\n\n\n\n<p class=\"has-medium-font-size wp-block-paragraph\">Instagram: @<a href=\"https:\/\/www.instagram.com\/hermes\/\" target=\"_blank\" rel=\"noreferrer noopener\">hermes<\/a><\/p>\n\n\n\n<p class=\"has-medium-font-size wp-block-paragraph\">Herm&egrave;s, maison de luxe fran&ccedil;aise fond&eacute;e en 1837, propose des b&eacute;rets refl&eacute;tant son h&eacute;ritage artisanal. Alliant tradition et innovation, leurs collections offrent des designs exclusifs et sophistiqu&eacute;s. Confectionn&eacute;s en France, dans leurs ateliers d&eacute;di&eacute;s, ces b&eacute;rets sont le summum de l&rsquo;&eacute;l&eacute;gance.&nbsp;<\/p>\n\n\n\n<p class=\"has-medium-font-size wp-block-paragraph\">C&ocirc;t&eacute; prix, fid&egrave;les &agrave; leur prestige, les b&eacute;rets Herm&egrave;s se situent dans la gamme haute, affirmant leur statut d&rsquo;articles de luxe.<\/p>\n\n\n\n<hr class=\"wp-block-separator has-alpha-channel-opacity\">\n\n\n\n<h2 class=\"wp-block-heading has-luminous-vivid-orange-color has-text-color has-link-color wp-elements-908e3f3f4b5d4a437c84d3193b775e92\" style=\"font-size:30px\">Comment Bien Porter un B&eacute;ret Fran&ccedil;ais ?&nbsp;<\/h2>\n\n\n\n<p class=\"has-medium-font-size wp-block-paragraph\">Le b&eacute;ret fran&ccedil;ais est un symbole de style, de culture et d&rsquo;&eacute;l&eacute;gance. Voici quelques conseils pour adopter cet embl&egrave;me de la mode fran&ccedil;aise avec gr&acirc;ce et assurance :<\/p>\n\n\n\n<ul class=\"wp-block-list\">\n<li class=\"has-medium-font-size\">Traditionnellement, le b&eacute;ret se porte l&eacute;g&egrave;rement inclin&eacute; sur un c&ocirc;t&eacute;. Cependant, il n&rsquo;y a pas de r&egrave;gle stricte. Vous pouvez le porter en arri&egrave;re, sur le c&ocirc;t&eacute;, ou m&ecirc;me en avant selon l&rsquo;effet d&eacute;sir&eacute;.<\/li>\n<\/ul>\n\n\n\n<ul class=\"wp-block-list\">\n<li class=\"has-medium-font-size\">Ajustez la position selon la forme de votre visage : Si vous avez un visage rond, inclinez-le b&eacute;ret sur le c&ocirc;t&eacute; pour ajouter de la longueur. Pour les visages longs, le porter plus bas sur le front aide &agrave; &eacute;quilibrer les proportions.<\/li>\n<\/ul>\n\n\n\n<ul class=\"wp-block-list\">\n<li class=\"has-medium-font-size\">Ajoutez des broches, des badges ou d&rsquo;autres accessoires pour rendre votre b&eacute;ret unique.<\/li>\n<\/ul>\n\n\n\n<h3 class=\"wp-block-heading\" style=\"font-size:24px\">Avec Quoi Porter un B&eacute;ret Fran&ccedil;ais ?&nbsp;<\/h3>\n\n\n\n<p class=\"has-medium-font-size wp-block-paragraph\"><br>Voici quelques suggestions pour harmoniser votre <strong>b&eacute;ret fran&ccedil;ais femme<\/strong> avec votre garde-robe :<\/p>\n\n\n\n<ul class=\"wp-block-list\">\n<li class=\"has-medium-font-size\">Associez votre b&eacute;ret &agrave; une <a href=\"https:\/\/french-iceberg.com\/fr\/marinieres-marques\/\">marini&egrave;re fran&ccedil;aise<\/a>, un jean slim ou une jupe crayon, avec des ballerines ou des bottines pour une allure typiquement parisienne.<\/li>\n<\/ul>\n\n\n\n<ul class=\"wp-block-list\">\n<li class=\"has-medium-font-size\">Pour une allure citadine &eacute;l&eacute;gante, portez votre b&eacute;ret avec un manteau long, un pull en cachemire et des talons hauts. Une &eacute;charpe de luxe et un sac &agrave; main structur&eacute; compl&eacute;teront parfaitement ce look.<\/li>\n<\/ul>\n\n\n\n<ul class=\"wp-block-list\">\n<li class=\"has-medium-font-size\">En hiver, portez votre b&eacute;ret avec un manteau en laine &eacute;paisse, des collants, une &eacute;charpe en tricot et des gants en cuir pour ajouter une touche fran&ccedil;aise &agrave; vos tenues.<\/li>\n<\/ul>\n\n\n\n<p class=\"has-medium-font-size wp-block-paragraph\">Vestiaire masculin ? Voici quelques id&eacute;es pour les gentlemen souhaitant incorporer le <strong>b&eacute;ret fran&ccedil;ais homme <\/strong>dans leur style :<\/p>\n\n\n\n<ul class=\"wp-block-list\">\n<li class=\"has-medium-font-size\">Pour une allure &eacute;l&eacute;gante en ville, associez votre b&eacute;ret &agrave; un manteau bien taill&eacute;, une chemise boutonn&eacute;e, un pantalon chino et des chaussures en cuir.<\/li>\n<\/ul>\n\n\n\n<ul class=\"wp-block-list\">\n<li class=\"has-medium-font-size\">Lorsque le mercure descend, combinez votre b&eacute;ret avec un pull &eacute;pais en tricot, une veste matelass&eacute;e, un jean et des bottes robustes. Une &eacute;charpe &eacute;paisse et des gants en cuir ajouteront une touche chaleureuse.<\/li>\n<\/ul>\n\n\n\n<ul class=\"wp-block-list\">\n<li class=\"has-medium-font-size\">Pour une esth&eacute;tique boh&egrave;me, optez pour une chemise &agrave; motifs, un gilet, un jean d&eacute;lav&eacute; et des bottines en daim.<\/li>\n<\/ul>\n\n\n\n<p class=\"has-medium-font-size wp-block-paragraph\">Rappelez-vous que le b&eacute;ret est un accessoire qu&rsquo;il suffit d&rsquo;adapter &agrave; votre style et de porter fi&egrave;rement. Apr&egrave;s tout, le charme fran&ccedil;ais est autant une question d&rsquo;attitude que de v&ecirc;tements !<\/p>\n\n\n\n<hr class=\"wp-block-separator has-alpha-channel-opacity\">\n\n\n\n<p class=\"has-medium-font-size wp-block-paragraph\"><strong>Le b&eacute;ret fran&ccedil;ais <\/strong>n&rsquo;a maintenant plus aucun secret pour vous. Vous connaissez son histoire, ses styles, les principales marques et toutes les astuces pour avoir un look fran&ccedil;ais &eacute;l&eacute;gant quelle que soit la saison !<\/p>\n","protected":false},"excerpt":{"rendered":"<p>Depuis des si&egrave;cles, le b&eacute;ret s&rsquo;est affirm&eacute; comme un symbole embl&eacute;matique du style et de l&rsquo;&eacute;l&eacute;gance fran&ccedil;aise. Port&eacute; jadis par les paysans et les artistes, il tr&ocirc;ne aujourd&rsquo;hui sur les &hellip;<\/p>\n","protected":false},"author":9,"featured_media":20183,"comment_status":"open","ping_status":"closed","sticky":false,"template":"","format":"standard","meta":{"_crdt_document":"","inline_featured_image":false,"_eb_attr":"","disable-in-feed":false,"article-schema-type":"","disable-critical-css":false,"footnotes":""},"categories":[1445],"tags":[],"class_list":["post-20199","post","type-post","status-publish","format-standard","has-post-thumbnail","hentry","category-faits-sur-la-france"],"_links":{"self":[{"href":"https:\/\/french-iceberg.com\/fr\/wp-json\/wp\/v2\/posts\/20199","targetHints":{"allow":["GET"]}}],"collection":[{"href":"https:\/\/french-iceberg.com\/fr\/wp-json\/wp\/v2\/posts"}],"about":[{"href":"https:\/\/french-iceberg.com\/fr\/wp-json\/wp\/v2\/types\/post"}],"author":[{"embeddable":true,"href":"https:\/\/french-iceberg.com\/fr\/wp-json\/wp\/v2\/users\/9"}],"replies":[{"embeddable":true,"href":"https:\/\/french-iceberg.com\/fr\/wp-json\/wp\/v2\/comments?post=20199"}],"version-history":[{"count":0,"href":"https:\/\/french-iceberg.com\/fr\/wp-json\/wp\/v2\/posts\/20199\/revisions"}],"wp:featuredmedia":[{"embeddable":true,"href":"https:\/\/french-iceberg.com\/fr\/wp-json\/wp\/v2\/media\/20183"}],"wp:attachment":[{"href":"https:\/\/french-iceberg.com\/fr\/wp-json\/wp\/v2\/media?parent=20199"}],"wp:term":[{"taxonomy":"category","embeddable":true,"href":"https:\/\/french-iceberg.com\/fr\/wp-json\/wp\/v2\/categories?post=20199"},{"taxonomy":"post_tag","embeddable":true,"href":"https:\/\/french-iceberg.com\/fr\/wp-json\/wp\/v2\/tags?post=20199"}],"curies":[{"name":"wp","href":"https:\/\/api.w.org\/{rel}","templated":true}]}}