{"id":20104,"date":"2023-10-20T13:21:38","date_gmt":"2023-10-20T12:21:38","guid":{"rendered":"https:\/\/french-iceberg.com\/?p=20104"},"modified":"2024-12-18T18:30:36","modified_gmt":"2024-12-18T17:30:36","slug":"evenements-lyon-france","status":"publish","type":"post","link":"https:\/\/french-iceberg.com\/fr\/evenements-lyon-france\/","title":{"rendered":"\u00c9v\u00e9nements \u00e0 Lyon : Ne les Manquez Pas !"},"content":{"rendered":"<style>img#mv-trellis-img-1::before{padding-top:133.33333333333%; }img#mv-trellis-img-1{display:block;}img#mv-trellis-img-2::before{padding-top:133.33333333333%; }img#mv-trellis-img-2{display:block;}img#mv-trellis-img-3::before{padding-top:133.33333333333%; }img#mv-trellis-img-3{display:block;}img#mv-trellis-img-4::before{padding-top:133.33333333333%; }img#mv-trellis-img-4{display:block;}img#mv-trellis-img-5::before{padding-top:133.33333333333%; }img#mv-trellis-img-5{display:block;}img#mv-trellis-img-6::before{padding-top:133.33333333333%; }img#mv-trellis-img-6{display:block;}<\/style>\n<p class=\"has-medium-font-size wp-block-paragraph\">Vous allez bient&ocirc;t visiter la troisi&egrave;me ville de France, ou vous y &eacute;tudiez dans le cadre d&rsquo;un programme d&rsquo;&eacute;change ? Et vous ne voulez pas manquer les meilleurs &eacute;v&eacute;nements que la ville a &agrave; offrir ? Vous &ecirc;tes au bon endroit !<\/p>\n\n\n\n<p class=\"has-medium-font-size wp-block-paragraph\">French Iceberg a d&eacute;cid&eacute; de lister les principaux et <strong>meilleurs &eacute;v&eacute;nements de Lyon<\/strong> o&ugrave; vous devriez vous rendre pour vous distraire. Lyon est r&eacute;put&eacute;e pour sa gastronomie et vous y trouverez des &eacute;v&eacute;nements li&eacute;s &agrave; la nourriture, mais pas seulement. La ville est un lieu id&eacute;al pour la musique et l&rsquo;art en g&eacute;n&eacute;ral.<\/p>\n\n\n\n<p class=\"has-medium-font-size wp-block-paragraph\">D&eacute;couvrons d&egrave;s maintenant les meilleurs &eacute;v&eacute;nements de Lyon !<\/p>\n\n\n\n<hr class=\"wp-block-separator has-alpha-channel-opacity\">\n\n\n\n<div style=\"background-color: rgba(255, 165, 0, 0.2); padding: 10px;\">\n    <h2 class=\"wp-block-heading has-black-color has-text-color has-link-color\" style=\"font-size:30px\">Ce qu&rsquo;il faut retenir :<\/h2>\n    <ol>\n        <li>Lyon offre des &eacute;v&eacute;nements majeurs comme la F&ecirc;te des Lumi&egrave;res en d&eacute;cembre et le Lyon Street Food Festival en juin.<\/li>\n        <li>Des festivals artistiques tels que Peinture Fra&icirc;che attirent des milliers de visiteurs chaque ann&eacute;e.<\/li>\n        <li>Le SIRHA, &eacute;v&eacute;nement gastronomique biannuel, est crucial pour les professionnels du secteur.<\/li>\n    <\/ol>\n<\/div>\n\n\n\n<hr class=\"wp-block-separator has-alpha-channel-opacity\">\n\n\n<div class=\"wp-block-image\">\n<figure class=\"aligncenter size-full\"><noscript><img decoding=\"async\" width=\"546\" height=\"728\" src=\"https:\/\/french-iceberg.com\/wp-content\/uploads\/2023\/10\/lyon-street-food-festival-stand.jpg\" alt=\"Lyon Street Food Festival\" class=\"wp-image-20117\" srcset=\"https:\/\/french-iceberg.com\/wp-content\/uploads\/2023\/10\/lyon-street-food-festival-stand.jpg 546w, https:\/\/french-iceberg.com\/wp-content\/uploads\/2023\/10\/lyon-street-food-festival-stand-225x300.jpg 225w\" sizes=\"(max-width: 546px) 100vw, 546px\"><\/noscript><img decoding=\"async\" width=\"546\" height=\"728\" src=\"data:image\/svg+xml,%3Csvg%20xmlns='http:\/\/www.w3.org\/2000\/svg'%20viewBox='0%200%20546%20728'%3E%3Crect%20width='546'%20height='728'%20style='fill:%23e3e3e3'\/%3E%3C\/svg%3E\" alt=\"Lyon Street Food Festival\" class=\"wp-image-20117 eager-load\" sizes=\"(max-width: 546px) 100vw, 546px\" data-pin-media=\"https:\/\/french-iceberg.com\/wp-content\/uploads\/2023\/10\/lyon-street-food-festival-stand.jpg\" id=\"mv-trellis-img-1\" loading=\"eager\" data-src=\"https:\/\/french-iceberg.com\/wp-content\/uploads\/2023\/10\/lyon-street-food-festival-stand.jpg.webp\" data-srcset=\"https:\/\/french-iceberg.com\/wp-content\/uploads\/2023\/10\/lyon-street-food-festival-stand.jpg.webp 546w, https:\/\/french-iceberg.com\/wp-content\/uploads\/2023\/10\/lyon-street-food-festival-stand-225x300.jpg.webp 225w\" data-svg=\"1\" data-trellis-processed=\"1\"><figcaption class=\"wp-element-caption\">Lyon Street Food Festival @Hugo D (Instagram: hugodclrck)<\/figcaption><\/figure>\n<\/div>\n\n\n<hr class=\"wp-block-separator has-alpha-channel-opacity\">\n\n\n\n<h2 class=\"wp-block-heading has-luminous-vivid-orange-color has-text-color has-link-color wp-elements-ebaaac312f7ab2526bc1d594abcd6bca\" style=\"font-size:30px\">Liste des Meilleurs &Eacute;v&eacute;nements &agrave; Lyon de l&rsquo;Ann&eacute;e<\/h2>\n\n\n\n<ol class=\"wp-block-list has-large-font-size\">\n<li>Peinture Fra&icirc;che Festival<\/li>\n<\/ol>\n\n\n<div class=\"wp-block-image\">\n<figure class=\"aligncenter size-full\"><noscript><img decoding=\"async\" width=\"546\" height=\"728\" src=\"https:\/\/french-iceberg.com\/wp-content\/uploads\/2023\/10\/peintures-fraiches-festival.jpg\" alt=\"Peinture Fra&icirc;che Festival\" class=\"wp-image-20144\" srcset=\"https:\/\/french-iceberg.com\/wp-content\/uploads\/2023\/10\/peintures-fraiches-festival.jpg 546w, https:\/\/french-iceberg.com\/wp-content\/uploads\/2023\/10\/peintures-fraiches-festival-225x300.jpg 225w\" sizes=\"(max-width: 546px) 100vw, 546px\"><\/noscript><img decoding=\"async\" width=\"546\" height=\"728\" src=\"https:\/\/french-iceberg.com\/wp-content\/uploads\/2023\/10\/peintures-fraiches-festival.jpg.webp\" alt=\"Peinture Fra&icirc;che Festival\" class=\"wp-image-20144 lazyload\" srcset=\"https:\/\/french-iceberg.com\/wp-content\/uploads\/2023\/10\/peintures-fraiches-festival.jpg.webp 546w, https:\/\/french-iceberg.com\/wp-content\/uploads\/2023\/10\/peintures-fraiches-festival-225x300.jpg.webp 225w\" sizes=\"(max-width: 546px) 100vw, 546px\" data-pin-media=\"https:\/\/french-iceberg.com\/wp-content\/uploads\/2023\/10\/peintures-fraiches-festival.jpg\" id=\"mv-trellis-img-2\" loading=\"lazy\" data-trellis-processed=\"1\"><figcaption class=\"wp-element-caption\">Peinture Fra&icirc;che Festival @French Iceberg<\/figcaption><\/figure>\n<\/div>\n\n\n<p class=\"has-medium-font-size wp-block-paragraph\">Lieu : <a href=\"https:\/\/www.google.com\/maps\/place\/Usines+Fagor\/data=!4m2!3m1!19sChIJ_6JkeiHq9EcRIKKH1VjnQ4E\" target=\"_blank\" rel=\"noopener\">Usines Fagor<\/a><\/p>\n\n\n\n<p class=\"has-medium-font-size wp-block-paragraph\">P&eacute;riode : Octobre\/Novembre<\/p>\n\n\n\n<p class=\"has-medium-font-size wp-block-paragraph\">Instagram : @<a href=\"https:\/\/www.instagram.com\/peinturefraichefestival\/\" target=\"_blank\" rel=\"noreferrer noopener\">peinturefraichefestival<\/a><\/p>\n\n\n\n<p class=\"has-medium-font-size wp-block-paragraph\">Site : <a href=\"https:\/\/www.peinturefraichefestival.fr\/\" target=\"_blank\" rel=\"noreferrer noopener\">https:\/\/www.peinturefraichefestival.fr\/<\/a><\/p>\n\n\n\n<p class=\"has-medium-font-size wp-block-paragraph\">Cet &eacute;v&eacute;nement artistique &agrave; Lyon se d&eacute;roule d&rsquo;octobre &agrave; d&eacute;but novembre pendant quatre semaines aux Anciennes Usines Fagor dans le 7e arrondissement. En 2022, plus de 53 000 visiteurs sont venus admirer les &oelig;uvres de 55 artistes.<\/p>\n\n\n\n<p class=\"has-medium-font-size wp-block-paragraph\">C&rsquo;est l&rsquo;&eacute;v&eacute;nement id&eacute;al pour les amateurs de street art. Lors de ce festival international de street art, de nombreux artistes fran&ccedil;ais et internationaux viennent montrer leurs talents sur des murs ou des surfaces immenses.<\/p>\n\n\n\n<p class=\"has-medium-font-size wp-block-paragraph\">Il y aura de nombreux espaces et arts diff&eacute;rents avec des sculptures, des conf&eacute;rences, des afterworks avec des DJ, des ateliers de street art, des ventes de sprays sur place, des peintures murales en r&eacute;alit&eacute; augment&eacute;e, un espace d&rsquo;exposition de street art de 5 000 m2, un graffiti park de 7 000 m2 (le plus grand d&rsquo;Europe) et bien d&rsquo;autres choses encore !<\/p>\n\n\n\n<blockquote class=\"instagram-media\" data-instgrm-captioned data-instgrm-permalink=\"https:\/\/www.instagram.com\/p\/CzJQMzxIVV3\/?utm_source=ig_embed&amp;utm_campaign=loading\" data-instgrm-version=\"14\" style=\" background:#FFF; border:0; border-radius:3px; box-shadow:0 0 1px 0 rgba(0,0,0,0.5),0 1px 10px 0 rgba(0,0,0,0.15); margin: 1px; max-width:540px; min-width:326px; padding:0; width:99.375%; width:-webkit-calc(100% - 2px); width:calc(100% - 2px);\"><div style=\"padding:16px;\"> <a href=\"https:\/\/www.instagram.com\/p\/CzJQMzxIVV3\/?utm_source=ig_embed&amp;utm_campaign=loading\" style=\" background:#FFFFFF; line-height:0; padding:0 0; text-align:center; text-decoration:none; width:100%;\" target=\"_blank\" rel=\"noopener\"> <div style=\" display: flex; flex-direction: row; align-items: center;\"> <div style=\"background-color: #F4F4F4; border-radius: 50%; flex-grow: 0; height: 40px; margin-right: 14px; width: 40px;\"><\/div> <div style=\"display: flex; flex-direction: column; flex-grow: 1; justify-content: center;\"> <div style=\" background-color: #F4F4F4; border-radius: 4px; flex-grow: 0; height: 14px; margin-bottom: 6px; width: 100px;\"><\/div> <div style=\" background-color: #F4F4F4; border-radius: 4px; flex-grow: 0; height: 14px; width: 60px;\"><\/div><\/div><\/div><div style=\"padding: 19% 0;\"><\/div> <div style=\"display:block; height:50px; margin:0 auto 12px; width:50px;\"><svg width=\"50px\" height=\"50px\" viewbox=\"0 0 60 60\" version=\"1.1\" xmlns=\"https:\/\/www.w3.org\/2000\/svg\" xmlns:xlink=\"https:\/\/www.w3.org\/1999\/xlink\"><g stroke=\"none\" stroke-width=\"1\" fill=\"none\" fill-rule=\"evenodd\"><g transform=\"translate(-511.000000, -20.000000)\" fill=\"#000000\"><g><path d=\"M556.869,30.41 C554.814,30.41 553.148,32.076 553.148,34.131 C553.148,36.186 554.814,37.852 556.869,37.852 C558.924,37.852 560.59,36.186 560.59,34.131 C560.59,32.076 558.924,30.41 556.869,30.41 M541,60.657 C535.114,60.657 530.342,55.887 530.342,50 C530.342,44.114 535.114,39.342 541,39.342 C546.887,39.342 551.658,44.114 551.658,50 C551.658,55.887 546.887,60.657 541,60.657 M541,33.886 C532.1,33.886 524.886,41.1 524.886,50 C524.886,58.899 532.1,66.113 541,66.113 C549.9,66.113 557.115,58.899 557.115,50 C557.115,41.1 549.9,33.886 541,33.886 M565.378,62.101 C565.244,65.022 564.756,66.606 564.346,67.663 C563.803,69.06 563.154,70.057 562.106,71.106 C561.058,72.155 560.06,72.803 558.662,73.347 C557.607,73.757 556.021,74.244 553.102,74.378 C549.944,74.521 548.997,74.552 541,74.552 C533.003,74.552 532.056,74.521 528.898,74.378 C525.979,74.244 524.393,73.757 523.338,73.347 C521.94,72.803 520.942,72.155 519.894,71.106 C518.846,70.057 518.197,69.06 517.654,67.663 C517.244,66.606 516.755,65.022 516.623,62.101 C516.479,58.943 516.448,57.996 516.448,50 C516.448,42.003 516.479,41.056 516.623,37.899 C516.755,34.978 517.244,33.391 517.654,32.338 C518.197,30.938 518.846,29.942 519.894,28.894 C520.942,27.846 521.94,27.196 523.338,26.654 C524.393,26.244 525.979,25.756 528.898,25.623 C532.057,25.479 533.004,25.448 541,25.448 C548.997,25.448 549.943,25.479 553.102,25.623 C556.021,25.756 557.607,26.244 558.662,26.654 C560.06,27.196 561.058,27.846 562.106,28.894 C563.154,29.942 563.803,30.938 564.346,32.338 C564.756,33.391 565.244,34.978 565.378,37.899 C565.522,41.056 565.552,42.003 565.552,50 C565.552,57.996 565.522,58.943 565.378,62.101 M570.82,37.631 C570.674,34.438 570.167,32.258 569.425,30.349 C568.659,28.377 567.633,26.702 565.965,25.035 C564.297,23.368 562.623,22.342 560.652,21.575 C558.743,20.834 556.562,20.326 553.369,20.18 C550.169,20.033 549.148,20 541,20 C532.853,20 531.831,20.033 528.631,20.18 C525.438,20.326 523.257,20.834 521.349,21.575 C519.376,22.342 517.703,23.368 516.035,25.035 C514.368,26.702 513.342,28.377 512.574,30.349 C511.834,32.258 511.326,34.438 511.181,37.631 C511.035,40.831 511,41.851 511,50 C511,58.147 511.035,59.17 511.181,62.369 C511.326,65.562 511.834,67.743 512.574,69.651 C513.342,71.625 514.368,73.296 516.035,74.965 C517.703,76.634 519.376,77.658 521.349,78.425 C523.257,79.167 525.438,79.673 528.631,79.82 C531.831,79.965 532.853,80.001 541,80.001 C549.148,80.001 550.169,79.965 553.369,79.82 C556.562,79.673 558.743,79.167 560.652,78.425 C562.623,77.658 564.297,76.634 565.965,74.965 C567.633,73.296 568.659,71.625 569.425,69.651 C570.167,67.743 570.674,65.562 570.82,62.369 C570.966,59.17 571,58.147 571,50 C571,41.851 570.966,40.831 570.82,37.631\"><\/path><\/g><\/g><\/g><\/svg><\/div><div style=\"padding-top: 8px;\"> <div style=\" color:#3897f0; font-family:Arial,sans-serif; font-size:14px; font-style:normal; font-weight:550; line-height:18px;\">Voir cette publication sur Instagram<\/div><\/div><div style=\"padding: 12.5% 0;\"><\/div> <div style=\"display: flex; flex-direction: row; margin-bottom: 14px; align-items: center;\"><div> <div style=\"background-color: #F4F4F4; border-radius: 50%; height: 12.5px; width: 12.5px; transform: translateX(0px) translateY(7px);\"><\/div> <div style=\"background-color: #F4F4F4; height: 12.5px; transform: rotate(-45deg) translateX(3px) translateY(1px); width: 12.5px; flex-grow: 0; margin-right: 14px; margin-left: 2px;\"><\/div> <div style=\"background-color: #F4F4F4; border-radius: 50%; height: 12.5px; width: 12.5px; transform: translateX(9px) translateY(-18px);\"><\/div><\/div><div style=\"margin-left: 8px;\"> <div style=\" background-color: #F4F4F4; border-radius: 50%; flex-grow: 0; height: 20px; width: 20px;\"><\/div> <div style=\" width: 0; height: 0; border-top: 2px solid transparent; border-left: 6px solid #f4f4f4; border-bottom: 2px solid transparent; transform: translateX(16px) translateY(-4px) rotate(30deg)\"><\/div><\/div><div style=\"margin-left: auto;\"> <div style=\" width: 0px; border-top: 8px solid #F4F4F4; border-right: 8px solid transparent; transform: translateY(16px);\"><\/div> <div style=\" background-color: #F4F4F4; flex-grow: 0; height: 12px; width: 16px; transform: translateY(-4px);\"><\/div> <div style=\" width: 0; height: 0; border-top: 8px solid #F4F4F4; border-left: 8px solid transparent; transform: translateY(-4px) translateX(8px);\"><\/div><\/div><\/div> <div style=\"display: flex; flex-direction: column; flex-grow: 1; justify-content: center; margin-bottom: 24px;\"> <div style=\" background-color: #F4F4F4; border-radius: 4px; flex-grow: 0; height: 14px; margin-bottom: 6px; width: 224px;\"><\/div> <div style=\" background-color: #F4F4F4; border-radius: 4px; flex-grow: 0; height: 14px; width: 144px;\"><\/div><\/div><\/a><p style=\" color:#c9c8cd; font-family:Arial,sans-serif; font-size:14px; line-height:17px; margin-bottom:0; margin-top:8px; overflow:hidden; padding:8px 0 7px; text-align:center; text-overflow:ellipsis; white-space:nowrap;\"><a href=\"https:\/\/www.instagram.com\/p\/CzJQMzxIVV3\/?utm_source=ig_embed&amp;utm_campaign=loading\" style=\" color:#c9c8cd; font-family:Arial,sans-serif; font-size:14px; font-style:normal; font-weight:normal; line-height:17px; text-decoration:none;\" target=\"_blank\" rel=\"noopener\">Une publication partag&eacute;e par FRENCH ICEBERG | FrenchCulture (@french.iceberg)<\/a><\/p><\/div><\/blockquote> <script async src=\"\/\/www.instagram.com\/embed.js\"><\/script>\n\n\n\n<hr class=\"wp-block-separator has-alpha-channel-opacity\">\n\n\n\n<ol start=\"2\" class=\"wp-block-list has-large-font-size\">\n<li>Salon des vins des vignerons ind&eacute;pendants Lyon&nbsp;<\/li>\n<\/ol>\n\n\n\n<p class=\"has-medium-font-size wp-block-paragraph\">Lieu : <a href=\"https:\/\/www.google.com\/maps\/place\/Halle+Tony+Garnier\/data=!4m2!3m1!19sChIJhfhzQCvq9EcRhTFrsg-gIMg\" target=\"_blank\" rel=\"noopener\">Halle Tony Garnier<\/a><\/p>\n\n\n\n<p class=\"has-medium-font-size wp-block-paragraph\">P&eacute;riode : Novembre<\/p>\n\n\n\n<p class=\"has-medium-font-size wp-block-paragraph\">Instagram : @<a href=\"https:\/\/www.instagram.com\/vigneronsindependants\" target=\"_blank\" rel=\"noreferrer noopener\">vigneronsindependants<\/a><\/p>\n\n\n\n<p class=\"has-medium-font-size wp-block-paragraph\">Site : <a href=\"https:\/\/www.vigneron-independant.com\/\" target=\"_blank\" rel=\"noreferrer noopener\">https:\/\/www.vigneron-independant.com\/<\/a><\/p>\n\n\n\n<p class=\"has-medium-font-size wp-block-paragraph\">Cet &eacute;v&eacute;nement viticole se d&eacute;roule dans le hall d&rsquo;exposition de la Halle Tony Garnier, dans le 7e arrondissement. Il s&rsquo;agit d&rsquo;un &eacute;v&eacute;nement abordable qui co&ucirc;te 6 euros l&rsquo;entr&eacute;e.<\/p>\n\n\n\n<p class=\"has-medium-font-size wp-block-paragraph\">Une fois &agrave; l&rsquo;int&eacute;rieur, vous pourrez go&ucirc;ter et boire tous les diff&eacute;rents vins fran&ccedil;ais produits par des vignerons ind&eacute;pendants. Tous les vins sont class&eacute;s en fonction de leur r&eacute;gion d&rsquo;origine en France. Vous trouverez &eacute;galement un espace consacr&eacute; au champagne.<\/p>\n\n\n\n<p class=\"has-medium-font-size wp-block-paragraph\">Si vous aimez un vin &agrave; un stand, vous pouvez l&rsquo;acheter directement au producteur &agrave; un bon prix. Il y aura &eacute;galement quelques stands de nourriture. Nous vous recommandons d&rsquo;opter pour le stand d&rsquo;hu&icirc;tres accompagn&eacute; d&rsquo;un verre de vin blanc !<\/p>\n\n\n\n<hr class=\"wp-block-separator has-alpha-channel-opacity\">\n\n\n\n<ol start=\"3\" class=\"wp-block-list has-large-font-size\">\n<li>F&ecirc;te des Lumi&egrave;res<\/li>\n<\/ol>\n\n\n<div class=\"wp-block-image\">\n<figure class=\"aligncenter size-full\"><noscript><img decoding=\"async\" width=\"546\" height=\"728\" src=\"https:\/\/french-iceberg.com\/wp-content\/uploads\/2023\/12\/festival-of-lights.jpg\" alt=\"Festival des Lumi&egrave;res &agrave; Lyon, France\" class=\"wp-image-20407\" srcset=\"https:\/\/french-iceberg.com\/wp-content\/uploads\/2023\/12\/festival-of-lights.jpg 546w, https:\/\/french-iceberg.com\/wp-content\/uploads\/2023\/12\/festival-of-lights-225x300.jpg 225w\" sizes=\"(max-width: 546px) 100vw, 546px\"><\/noscript><img decoding=\"async\" width=\"546\" height=\"728\" src=\"https:\/\/french-iceberg.com\/wp-content\/uploads\/2023\/12\/festival-of-lights.jpg.webp\" alt=\"Festival des Lumi&egrave;res &agrave; Lyon, France\" class=\"wp-image-20407 lazyload\" srcset=\"https:\/\/french-iceberg.com\/wp-content\/uploads\/2023\/12\/festival-of-lights.jpg.webp 546w, https:\/\/french-iceberg.com\/wp-content\/uploads\/2023\/12\/festival-of-lights-225x300.jpg.webp 225w\" sizes=\"(max-width: 546px) 100vw, 546px\" data-pin-media=\"https:\/\/french-iceberg.com\/wp-content\/uploads\/2023\/12\/festival-of-lights.jpg\" id=\"mv-trellis-img-3\" loading=\"lazy\" data-trellis-processed=\"1\"><figcaption class=\"wp-element-caption\">Festival des Lumi&egrave;res &agrave; Lyon, France @French Iceberg<\/figcaption><\/figure>\n<\/div>\n\n\n<p class=\"has-medium-font-size wp-block-paragraph\">Lieu : All Lyon<\/p>\n\n\n\n<p class=\"has-medium-font-size wp-block-paragraph\">P&eacute;riode : D&eacute;cembre<\/p>\n\n\n\n<p class=\"has-medium-font-size wp-block-paragraph\">Instagram : @<a href=\"https:\/\/www.instagram.com\/fetedeslumieres\/\" target=\"_blank\" rel=\"noreferrer noopener\">fetedeslumieres<\/a><\/p>\n\n\n\n<p class=\"has-medium-font-size wp-block-paragraph\">Site : <a href=\"https:\/\/www.fetedeslumieres.lyon.fr\/fr\/accueil\/fete-des-lumieres\" target=\"_blank\" rel=\"noreferrer noopener\">https:\/\/www.fetedeslumieres.lyon.fr\/fr\/accueil\/fete-des-lumieres<\/a><\/p>\n\n\n\n<p class=\"has-medium-font-size wp-block-paragraph\">C&rsquo;est probablement <strong>l&rsquo;&eacute;v&eacute;nement le plus important de Lyon<\/strong>. La f&ecirc;te des Lumi&egrave;res est une vieille tradition qui se d&eacute;roule tous les 8 d&eacute;cembre.<\/p>\n\n\n\n<p class=\"has-medium-font-size wp-block-paragraph\">L&rsquo;origine de la F&ecirc;te des Lumi&egrave;res de Lyon remonte au 8 septembre 1643. A cette &eacute;poque, les conseillers municipaux se rendent sur la colline de Fourvi&egrave;re pour demander &agrave; la Vierge Marie d&rsquo;&eacute;pargner la ville de Lyon de l&rsquo;&eacute;pid&eacute;mie de peste. Si leur v&oelig;u &eacute;tait exauc&eacute;, ils s&rsquo;engageaient &agrave; r&eacute;p&eacute;ter leur procession chaque ann&eacute;e &agrave; la m&ecirc;me date.<\/p>\n\n\n\n<p class=\"has-medium-font-size wp-block-paragraph\">Quelques si&egrave;cles plus tard, en 1852, les autorit&eacute;s religieuses d&eacute;cid&egrave;rent d&rsquo;installer une statue au sommet de la colline de Fourvi&egrave;re. L&rsquo;inauguration de la statue est pr&eacute;vue le 8 septembre 1852, mais les crues de la Sa&ocirc;ne obligent les autorit&eacute;s &agrave; reporter l&rsquo;&eacute;v&eacute;nement trois mois plus tard, le 8 d&eacute;cembre. Ce jour-l&agrave;, le temps est mauvais et l&rsquo;inauguration est sur le point d&rsquo;&ecirc;tre annul&eacute;e. Mais finalement, le temps s&rsquo;am&eacute;liore et les Lyonnais placent spontan&eacute;ment des bougies devant leurs fen&ecirc;tres &agrave; la tomb&eacute;e de la nuit. La F&ecirc;te des Lumi&egrave;res est n&eacute;e !<\/p>\n\n\n\n<p class=\"has-medium-font-size wp-block-paragraph\">Aujourd&rsquo;hui, l&rsquo;&eacute;v&eacute;nement se d&eacute;roule du 7 au 10 d&eacute;cembre (plus ou moins). Il s&rsquo;agit d&rsquo;une &Eacute;NORME c&eacute;l&eacute;bration lumineuse dans toute la ville. Les b&acirc;timents les plus importants sont illumin&eacute;s par des animations artistiques. <strong>Sachez que les rues seront compl&egrave;tement bond&eacute;es !<\/strong><\/p>\n\n\n\n<p class=\"has-medium-font-size wp-block-paragraph\">Vous pourrez d&eacute;guster du vin rouge chaud et des marrons chauds pour vous r&eacute;chauffer tout en marchant dans les rues froides et magnifiques de Lyon.<\/p>\n\n\n\n<hr class=\"wp-block-separator has-alpha-channel-opacity\">\n\n\n\n<ol start=\"4\" class=\"wp-block-list has-large-font-size\">\n<li>SIRAH<\/li>\n<\/ol>\n\n\n\n<p class=\"has-medium-font-size wp-block-paragraph\">Lieu : <a href=\"https:\/\/www.google.com\/maps\/place\/Eurexpo+Lyon\/data=!4m2!3m1!19sChIJIwMoW07B9EcR0og0L1UpeA0\" target=\"_blank\" rel=\"noopener\">Eurexpo Lyon<\/a><\/p>\n\n\n\n<p class=\"has-medium-font-size wp-block-paragraph\">P&eacute;riode : Janvier (tous les deux ans)<\/p>\n\n\n\n<p class=\"has-medium-font-size wp-block-paragraph\">Instagram : @<a href=\"https:\/\/www.instagram.com\/sirha_lyon\/\" target=\"_blank\" rel=\"noreferrer noopener\">sirah_lyon<\/a><\/p>\n\n\n\n<p class=\"has-medium-font-size wp-block-paragraph\">Site : <a href=\"https:\/\/www.sirha-lyon.com\/fr\" target=\"_blank\" rel=\"noreferrer noopener\">https:\/\/www.sirha-lyon.com\/fr<\/a><\/p>\n\n\n\n<p class=\"has-medium-font-size wp-block-paragraph\">Il s&rsquo;agit de l&rsquo;un des &eacute;v&eacute;nements gastronomiques les plus importants au monde, qui se tient tous les deux ans. Il s&rsquo;agit d&rsquo;un &eacute;v&eacute;nement professionnel plus que d&rsquo;un &eacute;v&eacute;nement public. La derni&egrave;re &eacute;dition de 2023 a rassembl&eacute; plus de 210 000 professionnels.<\/p>\n\n\n\n<p class=\"has-medium-font-size wp-block-paragraph\">Vous y trouverez des tonnes de conf&eacute;rences sur la cuisine, qui traitent des d&eacute;fis actuels du secteur, avec parfois des <a href=\"https:\/\/french-iceberg.com\/fr\/chefs-cuisiniers-francais-connus\/\">chefs fran&ccedil;ais c&eacute;l&egrave;bres<\/a> qui s&rsquo;expriment. Vous trouverez &eacute;galement des stands avec des d&eacute;monstrations de cuisine un peu partout.<\/p>\n\n\n\n<p class=\"has-medium-font-size wp-block-paragraph\">Il y a deux comp&eacute;titions importantes avec, tout d&rsquo;abord, La Coupe du Monde de la P&acirc;tisserie o&ugrave; les pays tentent de concevoir les desserts les plus d&eacute;licieux. La plupart du temps, le trio gagnant est toujours compos&eacute; de la France, du Japon et de l&rsquo;Italie (le dernier vainqueur de l&rsquo;&eacute;dition 2023 &eacute;tait le Japon).<\/p>\n\n\n\n<p class=\"has-medium-font-size wp-block-paragraph\">Le deuxi&egrave;me &eacute;v&eacute;nement est le Bocuse d&rsquo;Or, l&rsquo;un des &eacute;v&eacute;nements gastronomiques les plus prestigieux. Il a &eacute;t&eacute; cr&eacute;&eacute; en 1987 par le c&eacute;l&egrave;bre chef fran&ccedil;ais Paul Bocuse. Pour chaque &eacute;dition, le th&egrave;me est donn&eacute; trois mois &agrave; l&rsquo;avance. Au total, vingt-quatre chefs de vingt-quatre pays s&rsquo;affrontent pendant cinq heures et trente-cinq minutes devant un public et un animateur dans une ambiance &eacute;lectrique.<\/p>\n\n\n\n<hr class=\"wp-block-separator has-alpha-channel-opacity\">\n\n\n\n<ol start=\"5\" class=\"wp-block-list has-large-font-size\">\n<li>Les Nuits Sonores<\/li>\n<\/ol>\n\n\n<div class=\"wp-block-image\">\n<figure class=\"aligncenter size-full\"><noscript><img decoding=\"async\" width=\"546\" height=\"728\" src=\"https:\/\/french-iceberg.com\/wp-content\/uploads\/2023\/10\/nuits-sonores.jpg\" alt=\"Les Nuits Sonores\" class=\"wp-image-20094\" srcset=\"https:\/\/french-iceberg.com\/wp-content\/uploads\/2023\/10\/nuits-sonores.jpg 546w, https:\/\/french-iceberg.com\/wp-content\/uploads\/2023\/10\/nuits-sonores-225x300.jpg 225w\" sizes=\"(max-width: 546px) 100vw, 546px\"><\/noscript><img decoding=\"async\" width=\"546\" height=\"728\" src=\"https:\/\/french-iceberg.com\/wp-content\/uploads\/2023\/10\/nuits-sonores.jpg.webp\" alt=\"Les Nuits Sonores\" class=\"wp-image-20094 lazyload\" srcset=\"https:\/\/french-iceberg.com\/wp-content\/uploads\/2023\/10\/nuits-sonores.jpg.webp 546w, https:\/\/french-iceberg.com\/wp-content\/uploads\/2023\/10\/nuits-sonores-225x300.jpg.webp 225w\" sizes=\"(max-width: 546px) 100vw, 546px\" data-pin-media=\"https:\/\/french-iceberg.com\/wp-content\/uploads\/2023\/10\/nuits-sonores.jpg\" id=\"mv-trellis-img-4\" loading=\"lazy\" data-trellis-processed=\"1\"><figcaption class=\"wp-element-caption\">Les Nuits Sonores @French Iceberg<\/figcaption><\/figure>\n<\/div>\n\n\n<p class=\"has-medium-font-size wp-block-paragraph\">Lieu : <a href=\"https:\/\/www.google.com\/maps\/place\/La+Sucri%C3%A8re\/data=!4m2!3m1!19sChIJST9E58_r9EcR-hjWJtNaPRE\" target=\"_blank\" rel=\"noopener\">La Sucri&egrave;re<\/a> \/ <a href=\"https:\/\/www.google.com\/maps\/place\/Usines+Fagor\/data=!4m2!3m1!19sChIJ_6JkeiHq9EcRIKKH1VjnQ4E\" target=\"_blank\" rel=\"noopener\">Usines Fagor<\/a><\/p>\n\n\n\n<p class=\"has-medium-font-size wp-block-paragraph\">P&eacute;riode : Mai<\/p>\n\n\n\n<p class=\"has-medium-font-size wp-block-paragraph\">Instagram : @<a href=\"https:\/\/www.instagram.com\/nuits_sonores\/\" target=\"_blank\" rel=\"noreferrer noopener\">nuits_sonores<\/a><\/p>\n\n\n\n<p class=\"has-medium-font-size wp-block-paragraph\">Site : <a href=\"https:\/\/nuits-sonores.com\/\" target=\"_blank\" rel=\"noreferrer noopener\">https:\/\/nuits-sonores.com\/<\/a><\/p>\n\n\n\n<p class=\"has-medium-font-size wp-block-paragraph\">L&rsquo;un <a href=\"https:\/\/french-iceberg.com\/fr\/festivals-francais-de-musique\/\">des meilleurs festivals de France<\/a> &agrave; ne pas manquer ! Ce festival techno a vu le jour en 2003. C&rsquo;est maintenant un festival bien connu en France pour tous les fans de techno. C&rsquo;est le moment id&eacute;al pour profiter des premi&egrave;res journ&eacute;es ensoleill&eacute;es de l&rsquo;ann&eacute;e tout en &eacute;coutant de la bonne musique.<\/p>\n\n\n\n<p class=\"has-medium-font-size wp-block-paragraph\">Ce festival n&rsquo;est pas vraiment aid&eacute; par le conseiller municipal et il doit changer d&rsquo;endroit presque chaque ann&eacute;e. Il est organis&eacute; avec des tickets jour (Days) et des tickets nuit (Nights) qui se d&eacute;roulent dans des lieux diff&eacute;rents.<\/p>\n\n\n\n<p class=\"has-medium-font-size wp-block-paragraph\">Des artistes fran&ccedil;ais et internationaux prestigieux se produisent pendant cinq jours. Nous vous conseillons de prendre quelques jours de cong&eacute; pour profiter pleinement du festival. La prochaine &eacute;dition, en 2024, se d&eacute;roulera sur un nouveau site : Les Grandes Locos.<\/p>\n\n\n\n<p class=\"has-medium-font-size wp-block-paragraph\"><strong>&Agrave; lire aussi :<\/strong> <a href=\"https:\/\/french-iceberg.com\/fr\/clubs-techno-lyon-france\/\" data-type=\"post\" data-id=\"19920\">Clubs Techno &agrave; Lyon : Nos Coups de C&oelig;ur<\/a><\/p>\n\n\n\n<hr class=\"wp-block-separator has-alpha-channel-opacity\">\n\n\n\n<ol start=\"6\" class=\"wp-block-list has-large-font-size\">\n<li>Lyon Street Food Festival<\/li>\n<\/ol>\n\n\n<div class=\"wp-block-image\">\n<figure class=\"aligncenter size-full\"><noscript><img decoding=\"async\" width=\"546\" height=\"728\" src=\"https:\/\/french-iceberg.com\/wp-content\/uploads\/2023\/10\/lyon-street-food-festival.jpg\" alt=\"Lyon Street Food Festival\" class=\"wp-image-20098\" srcset=\"https:\/\/french-iceberg.com\/wp-content\/uploads\/2023\/10\/lyon-street-food-festival.jpg 546w, https:\/\/french-iceberg.com\/wp-content\/uploads\/2023\/10\/lyon-street-food-festival-225x300.jpg 225w\" sizes=\"(max-width: 546px) 100vw, 546px\"><\/noscript><img decoding=\"async\" width=\"546\" height=\"728\" src=\"https:\/\/french-iceberg.com\/wp-content\/uploads\/2023\/10\/lyon-street-food-festival.jpg.webp\" alt=\"Lyon Street Food Festival\" class=\"wp-image-20098 lazyload\" srcset=\"https:\/\/french-iceberg.com\/wp-content\/uploads\/2023\/10\/lyon-street-food-festival.jpg.webp 546w, https:\/\/french-iceberg.com\/wp-content\/uploads\/2023\/10\/lyon-street-food-festival-225x300.jpg.webp 225w\" sizes=\"(max-width: 546px) 100vw, 546px\" data-pin-media=\"https:\/\/french-iceberg.com\/wp-content\/uploads\/2023\/10\/lyon-street-food-festival.jpg\" id=\"mv-trellis-img-5\" loading=\"lazy\" data-trellis-processed=\"1\"><figcaption class=\"wp-element-caption\">Lyon Street Food Festival @Hugo D (Instagram: hugodclrck)<\/figcaption><\/figure>\n<\/div>\n\n\n<p class=\"has-medium-font-size wp-block-paragraph\">Lieu : Les Grandes Locos<\/p>\n\n\n\n<p class=\"has-medium-font-size wp-block-paragraph\">P&eacute;riode : Juin<\/p>\n\n\n\n<p class=\"has-medium-font-size wp-block-paragraph\">Instagram : @<a href=\"https:\/\/www.instagram.com\/lyonstreetfoodfestival\/\" target=\"_blank\" rel=\"noreferrer noopener\">lyonstreetfoodfestival<\/a><\/p>\n\n\n\n<p class=\"has-medium-font-size wp-block-paragraph\">Site: <a href=\"https:\/\/lyonstreetfoodfestival.com\/\" target=\"_blank\" rel=\"noreferrer noopener\">https:\/\/lyonstreetfoodfestival.com\/<\/a><\/p>\n\n\n\n<p class=\"has-medium-font-size wp-block-paragraph\">Pour tous les amateurs de cuisine, c&rsquo;est l&rsquo;endroit o&ugrave; il faut aller en juin. De nombreux restaurants, chefs et cuisiniers &eacute;mergents viennent avec un stand de nourriture pour vendre leurs meilleurs street food.<\/p>\n\n\n\n<p class=\"has-medium-font-size wp-block-paragraph\">L&rsquo;&eacute;v&eacute;nement se d&eacute;roule sur quatre jours et propose plus de 400 ateliers participatifs gratuits. Vous devrez r&eacute;server votre billet en ligne &agrave; l&rsquo;avance sur leur site web. Sachez que vous devrez acheter la nourriture &agrave; chaque stand.<\/p>\n\n\n\n<p class=\"has-medium-font-size wp-block-paragraph\">Outre les stands de nourriture, vous aurez l&rsquo;occasion d&rsquo;assister &agrave; de nombreux concerts et DJ sets. Par exemple, pour l&rsquo;&eacute;dition 2023, le <a href=\"https:\/\/french-iceberg.com\/fr\/rappeurs-francais\/\">c&eacute;l&egrave;bre rappeur fran&ccedil;ais<\/a> JoeyStarr a donn&eacute; un concert plein d&rsquo;&eacute;nergie.<\/p>\n\n\n\n<hr class=\"wp-block-separator has-alpha-channel-opacity\">\n\n\n\n<ol start=\"7\" class=\"wp-block-list has-large-font-size\">\n<li>Les Nuits de Fourvi&egrave;re<\/li>\n<\/ol>\n\n\n<div class=\"wp-block-image\">\n<figure class=\"aligncenter size-full\"><noscript><img decoding=\"async\" width=\"546\" height=\"728\" src=\"https:\/\/french-iceberg.com\/wp-content\/uploads\/2023\/10\/nuits-sonores.jpg\" alt=\"Les Nuits Sonores\" class=\"wp-image-20094\" srcset=\"https:\/\/french-iceberg.com\/wp-content\/uploads\/2023\/10\/nuits-sonores.jpg 546w, https:\/\/french-iceberg.com\/wp-content\/uploads\/2023\/10\/nuits-sonores-225x300.jpg 225w\" sizes=\"(max-width: 546px) 100vw, 546px\"><\/noscript><img decoding=\"async\" width=\"546\" height=\"728\" src=\"https:\/\/french-iceberg.com\/wp-content\/uploads\/2023\/10\/nuits-sonores.jpg.webp\" alt=\"Les Nuits Sonores\" class=\"wp-image-20094 lazyload\" srcset=\"https:\/\/french-iceberg.com\/wp-content\/uploads\/2023\/10\/nuits-sonores.jpg.webp 546w, https:\/\/french-iceberg.com\/wp-content\/uploads\/2023\/10\/nuits-sonores-225x300.jpg.webp 225w\" sizes=\"(max-width: 546px) 100vw, 546px\" data-pin-media=\"https:\/\/french-iceberg.com\/wp-content\/uploads\/2023\/10\/nuits-sonores.jpg\" id=\"mv-trellis-img-6\" loading=\"lazy\" data-trellis-processed=\"1\"><figcaption class=\"wp-element-caption\">Les Nuits Sonores @French Iceberg<\/figcaption><\/figure>\n<\/div>\n\n\n<p class=\"has-medium-font-size wp-block-paragraph\">Lieu : <a href=\"https:\/\/www.google.com\/maps\/place\/Th%C3%A9%C3%A2tre+Gallo+Romain+de+Lyon-Fourvi%C3%A8re\/data=!4m2!3m1!19sChIJKW5Swajr9EcRQ2EpEHMgeIY\" target=\"_blank\" rel=\"noopener\">Th&eacute;&acirc;tre Gallo Romain de Lyon-Fourvi&egrave;re<\/a><\/p>\n\n\n\n<p class=\"has-medium-font-size wp-block-paragraph\">P&eacute;riode : Juin\/Juillet<\/p>\n\n\n\n<p class=\"has-medium-font-size wp-block-paragraph\">Instagram : @<a href=\"https:\/\/www.instagram.com\/nuitsdefourviere\/\" target=\"_blank\" rel=\"noreferrer noopener\">nuitsdefourviere<\/a><\/p>\n\n\n\n<p class=\"has-medium-font-size wp-block-paragraph\">Site : <a href=\"https:\/\/www.nuitsdefourviere.com\/\" target=\"_blank\" rel=\"noreferrer noopener\">https:\/\/www.nuitsdefourviere.com\/<\/a><\/p>\n\n\n\n<p class=\"has-medium-font-size wp-block-paragraph\">Festival de musique se d&eacute;roulant dans un lieu embl&eacute;matique de Lyon, au th&eacute;&acirc;tre gallo-romain de Fourvi&egrave;re. Il faut s&rsquo;y rendre rien que pour le lieu !<\/p>\n\n\n\n<p class=\"has-medium-font-size wp-block-paragraph\">La programmation est assez &eacute;clectique, allant d&rsquo;artistes fran&ccedil;ais et internationaux c&eacute;l&egrave;bres &agrave; des musiciens plus alternatifs. Le festival propose &eacute;galement des pi&egrave;ces de th&eacute;&acirc;tre en d&eacute;but de soir&eacute;e.<\/p>\n\n\n\n<p class=\"has-medium-font-size wp-block-paragraph\">Au d&eacute;but du concert, on vous donne un coussin pour vous asseoir (sur de la pierre). Ne soyez pas timide &agrave; la fin du concert, il y a une tradition. Tout le public lance les coussins sur la sc&egrave;ne de musique. Les r&eacute;actions peuvent varier d&rsquo;un artiste &agrave; l&rsquo;autre, certains sautent dans les coussins (comme Mac DeMarco ou Tame Impala) ou s&rsquo;&eacute;nervent (comme la Famille Chedid).<\/p>\n\n\n\n<hr class=\"wp-block-separator has-alpha-channel-opacity\">\n\n\n\n<p class=\"has-medium-font-size wp-block-paragraph\">Y a-t-il un &eacute;v&eacute;nement &agrave; Lyon que vous nous recommanderiez ? N&rsquo;h&eacute;sitez pas &agrave; nous faire part de votre avis dans les commentaires ! Nous esp&eacute;rons que vous vous rendrez au moins &agrave; l&rsquo;un de ces<strong> &eacute;v&eacute;nements &agrave; Lyon<\/strong>. Pour plus de conseils sur les voyages en France ou les &eacute;v&eacute;nements fran&ccedil;ais, consultez notre section sur <a href=\"https:\/\/french-iceberg.com\/fr\/vie-en-france\/\">la vie en France<\/a>.<\/p>\n","protected":false},"excerpt":{"rendered":"<p>Vous allez bient&ocirc;t visiter la troisi&egrave;me ville de France, ou vous y &eacute;tudiez dans le cadre d&rsquo;un programme d&rsquo;&eacute;change ? Et vous ne voulez pas manquer les meilleurs &eacute;v&eacute;nements que &hellip;<\/p>\n","protected":false},"author":2,"featured_media":20097,"comment_status":"open","ping_status":"closed","sticky":false,"template":"","format":"standard","meta":{"_crdt_document":"","inline_featured_image":false,"_eb_attr":"","disable-in-feed":false,"article-schema-type":"","disable-critical-css":false,"footnotes":""},"categories":[1466],"tags":[],"class_list":["post-20104","post","type-post","status-publish","format-standard","has-post-thumbnail","hentry","category-lyon"],"_links":{"self":[{"href":"https:\/\/french-iceberg.com\/fr\/wp-json\/wp\/v2\/posts\/20104","targetHints":{"allow":["GET"]}}],"collection":[{"href":"https:\/\/french-iceberg.com\/fr\/wp-json\/wp\/v2\/posts"}],"about":[{"href":"https:\/\/french-iceberg.com\/fr\/wp-json\/wp\/v2\/types\/post"}],"author":[{"embeddable":true,"href":"https:\/\/french-iceberg.com\/fr\/wp-json\/wp\/v2\/users\/2"}],"replies":[{"embeddable":true,"href":"https:\/\/french-iceberg.com\/fr\/wp-json\/wp\/v2\/comments?post=20104"}],"version-history":[{"count":0,"href":"https:\/\/french-iceberg.com\/fr\/wp-json\/wp\/v2\/posts\/20104\/revisions"}],"wp:featuredmedia":[{"embeddable":true,"href":"https:\/\/french-iceberg.com\/fr\/wp-json\/wp\/v2\/media\/20097"}],"wp:attachment":[{"href":"https:\/\/french-iceberg.com\/fr\/wp-json\/wp\/v2\/media?parent=20104"}],"wp:term":[{"taxonomy":"category","embeddable":true,"href":"https:\/\/french-iceberg.com\/fr\/wp-json\/wp\/v2\/categories?post=20104"},{"taxonomy":"post_tag","embeddable":true,"href":"https:\/\/french-iceberg.com\/fr\/wp-json\/wp\/v2\/tags?post=20104"}],"curies":[{"name":"wp","href":"https:\/\/api.w.org\/{rel}","templated":true}]}}